{"id":1540,"date":"2019-07-31T07:42:10","date_gmt":"2019-07-31T06:42:10","guid":{"rendered":"https:\/\/blog-apsam.be\/?p=1540"},"modified":"2019-07-31T07:42:10","modified_gmt":"2019-07-31T06:42:10","slug":"deux-nouvelles-dates-pour-latelier-apres-midi-chantant-a-welkenraedt","status":"publish","type":"post","link":"https:\/\/blog-apsam.be\/?p=1540","title":{"rendered":"Deux nouvelles dates pour l&rsquo;atelier \u00ab\u00a0Apr\u00e8s-midi chantant\u00a0\u00bb \u00e0 Welkenraedt"},"content":{"rendered":"<div id=\"io-ox-core\" class=\"abs unselectable\">\n<div id=\"io-ox-screens\" class=\"abs\">\n<div id=\"io-ox-windowmanager\" class=\"abs\">\n<div id=\"io-ox-windowmanager-pane\" class=\"atb\">\n<div id=\"window-0\" class=\"window-container io-ox-mail-window chromeless-window\" data-app-name=\"io.ox\/mail\" data-window-nr=\"0\">\n<div class=\"window-container-center\">\n<div class=\"window-body classic-toolbar-visible\">\n<div class=\"abs window-content vsplit preview-right\">\n<div class=\"rightside mail-detail-pane selection-one\" data-page-id=\"undefined\/detailView\">\n<div class=\"thread-view-control abs\" tabindex=\"-1\">\n<div class=\"thread-view-list scrollable abs\">\n<div class=\"thread-view list-view\" role=\"region\" aria-label=\"Atelier chantant\">\n<article class=\"list-item mail-item mail-detail f6-target focusable expanded\" tabindex=\"-1\" aria-expanded=\"true\" aria-label=\"Courriel de Benjamine HUYGHE\u00a0: Atelier chantant\" data-cid=\"default0\/INBOX.67262\" data-loaded=\"true\">\n<section class=\"body user-select-text focusable\" tabindex=\"-1\">\n<div class=\"mail-detail-content noI18n simple-mail\">\n<div id=\"ox-d881b920e2\">\n<div dir=\"ltr\">\n<div><span style=\"font-size: 1.5rem;\">Apr\u00e8s-midi chantant<\/span><\/div>\n<div>\n<ul class=\"no-bullet\">\n<li><time>27 OCTOBRE 2019 &#8211; 14:00<\/time><\/li>\n<li><time>22 D\u00c9CEMBRE 2019 &#8211; 14:00<\/time><\/li>\n<\/ul>\n<p>Vous aimez chanter!<\/p>\n<p>Vous avez envie de partager un moment de musique et rencontrer des chanteurs qui partagent la m\u00eame passion que vous!<\/p>\n<p>Participez \u00e0 l&rsquo;apr\u00e8s-midi chantant de la f\u00e9d\u00e9ration musicale APSAM et du Centre culturel de Welkenraedt !<\/p>\n<p>L&rsquo;objectif ?<\/p>\n<p>R\u00e9unir les amateurs de chant choral, sans obligation d&rsquo;adh\u00e9sion ou d&rsquo;assiduit\u00e9, afin de chanter pour le plaisir dans la joie et la bonne humeur! Lors de cette s\u00e9ance plac\u00e9e sous la direction d&rsquo;un chef de ch\u0153ur, plusieurs chants \u00e0 3 ou 4 voix seront interpr\u00e9t\u00e9s parmi un programme tr\u00e8s vari\u00e9.<br \/>\nQue vous soyez chanteurs en herbe, chanteurs de salon ou d&rsquo;op\u00e9ra, chanteur sous la douche, m\u00e9lomanes, &#8230; d\u00e9sireux de chanter en ch\u0153ur ou passionn\u00e9s par le chant polyphonique, cet atelier est organis\u00e9 pour vous, alors n&rsquo;h\u00e9sitez pas \u00e0 vous inscrire.<\/p>\n<p>Nous vous attendons nombreux !<\/p>\n<p>Inscription\u00a0indispensable.<\/p>\n<\/div>\n<div><\/div>\n<div>Vous pouvez vous inscrire d\u00e8s \u00e0 pr\u00e9sent, soit via la billetterie du CCW : <a href=\"http:\/\/www.ccwelkenraedt.be\/\" target=\"_blank\" rel=\"noopener\">www.ccwelkenraedt.be<\/a>, soit par mail via le secr\u00e9tariat de l&rsquo;APSAM : <a class=\"mailto-link\" href=\"mailto:secretariat@apsam.be\" target=\"_blank\" rel=\"noopener\">secretariat@apsam.be<\/a><\/div>\n<\/div>\n<\/div>\n<\/div>\n<\/section>\n<\/article>\n<div><a href=\"https:\/\/i0.wp.com\/blog-apsam.be\/wp-content\/uploads\/2019\/07\/chant2.jpg?ssl=1\"><img loading=\"lazy\" class=\"aligncenter size-large wp-image-1543\" src=\"https:\/\/i0.wp.com\/blog-apsam.be\/wp-content\/uploads\/2019\/07\/chant2.jpg?resize=625%2C313&#038;ssl=1\" alt=\"\" width=\"625\" height=\"313\" srcset=\"https:\/\/i0.wp.com\/blog-apsam.be\/wp-content\/uploads\/2019\/07\/chant2.jpg?resize=1024%2C512&amp;ssl=1 1024w, https:\/\/i0.wp.com\/blog-apsam.be\/wp-content\/uploads\/2019\/07\/chant2.jpg?resize=300%2C150&amp;ssl=1 300w, https:\/\/i0.wp.com\/blog-apsam.be\/wp-content\/uploads\/2019\/07\/chant2.jpg?resize=768%2C384&amp;ssl=1 768w, https:\/\/i0.wp.com\/blog-apsam.be\/wp-content\/uploads\/2019\/07\/chant2.jpg?resize=624%2C312&amp;ssl=1 624w, https:\/\/i0.wp.com\/blog-apsam.be\/wp-content\/uploads\/2019\/07\/chant2.jpg?resize=1320%2C660&amp;ssl=1 1320w, https:\/\/i0.wp.com\/blog-apsam.be\/wp-content\/uploads\/2019\/07\/chant2.jpg?w=1250&amp;ssl=1 1250w, https:\/\/i0.wp.com\/blog-apsam.be\/wp-content\/uploads\/2019\/07\/chant2.jpg?w=1875&amp;ssl=1 1875w\" sizes=\"(max-width: 625px) 100vw, 625px\" data-recalc-dims=\"1\" \/><\/a><\/div>\n<\/div>\n<\/div>\n<\/div>\n<\/div>\n<\/div>\n<\/div>\n<\/div>\n<\/div>\n<\/div>\n<\/div>\n<\/div>\n<\/div>\n","protected":false},"excerpt":{"rendered":"<p>Apr\u00e8s-midi chantant 27 OCTOBRE 2019 &#8211; 14:00 22 D\u00c9CEMBRE 2019 &#8211; 14:00 Vous aimez chanter! Vous avez envie de partager un moment de musique et rencontrer des chanteurs qui partagent [&hellip;]<\/p>\n","protected":false},"author":2,"featured_media":0,"comment_status":"open","ping_status":"open","sticky":false,"template":"","format":"standard","meta":{"jetpack_publicize_message":"","jetpack_is_tweetstorm":false,"jetpack_publicize_feature_enabled":true},"categories":[3],"tags":[],"jetpack_publicize_connections":[],"jetpack_featured_media_url":"","jetpack_sharing_enabled":true,"jetpack_likes_enabled":false,"_links":{"self":[{"href":"https:\/\/blog-apsam.be\/index.php?rest_route=\/wp\/v2\/posts\/1540"}],"collection":[{"href":"https:\/\/blog-apsam.be\/index.php?rest_route=\/wp\/v2\/posts"}],"about":[{"href":"https:\/\/blog-apsam.be\/index.php?rest_route=\/wp\/v2\/types\/post"}],"author":[{"embeddable":true,"href":"https:\/\/blog-apsam.be\/index.php?rest_route=\/wp\/v2\/users\/2"}],"replies":[{"embeddable":true,"href":"https:\/\/blog-apsam.be\/index.php?rest_route=%2Fwp%2Fv2%2Fcomments&post=1540"}],"version-history":[{"count":1,"href":"https:\/\/blog-apsam.be\/index.php?rest_route=\/wp\/v2\/posts\/1540\/revisions"}],"predecessor-version":[{"id":1544,"href":"https:\/\/blog-apsam.be\/index.php?rest_route=\/wp\/v2\/posts\/1540\/revisions\/1544"}],"wp:attachment":[{"href":"https:\/\/blog-apsam.be\/index.php?rest_route=%2Fwp%2Fv2%2Fmedia&parent=1540"}],"wp:term":[{"taxonomy":"category","embeddable":true,"href":"https:\/\/blog-apsam.be\/index.php?rest_route=%2Fwp%2Fv2%2Fcategories&post=1540"},{"taxonomy":"post_tag","embeddable":true,"href":"https:\/\/blog-apsam.be\/index.php?rest_route=%2Fwp%2Fv2%2Ftags&post=1540"}],"curies":[{"name":"wp","href":"https:\/\/api.w.org\/{rel}","templated":true}]}}