{"id":1867,"date":"2020-01-06T12:07:18","date_gmt":"2020-01-06T10:07:18","guid":{"rendered":"https:\/\/blog-apsam.be\/?p=1867"},"modified":"2020-01-24T11:08:29","modified_gmt":"2020-01-24T09:08:29","slug":"apres-midi-chantant-a-welkenraedt-09-02-2020","status":"publish","type":"post","link":"https:\/\/blog-apsam.be\/?p=1867","title":{"rendered":"Apr\u00e8s-midi chantant \u00e0 Welkenraedt &#8211; 09\/02\/2020"},"content":{"rendered":"<div>\n<p>Vous aimez chanter!<\/p>\n<p>Vous avez envie de partager un moment de musique et rencontrer des chanteurs qui partagent la m\u00eame passion que vous!<\/p>\n<p>Participez \u00e0 l\u2019apr\u00e8s-midi chantant de la f\u00e9d\u00e9ration musicale APSAM et du Centre culturel de Welkenraedt !<\/p>\n<p>L\u2019objectif ?<\/p>\n<p>R\u00e9unir les amateurs de chant choral, sans obligation d\u2019adh\u00e9sion ou d\u2019assiduit\u00e9, afin de chanter pour le plaisir dans la joie et la bonne humeur! Lors de cette s\u00e9ance plac\u00e9e sous la direction d\u2019un chef de ch\u0153ur, plusieurs chants \u00e0 3 ou 4 voix seront interpr\u00e9t\u00e9s parmi un programme tr\u00e8s vari\u00e9.<br \/>\nQue vous soyez chanteurs en herbe, chanteurs de salon ou d\u2019op\u00e9ra, chanteur sous la douche, m\u00e9lomanes, \u2026 d\u00e9sireux de chanter en ch\u0153ur ou passionn\u00e9s par le chant polyphonique, cet atelier est organis\u00e9 pour vous, alors n\u2019h\u00e9sitez pas \u00e0 vous inscrire.<\/p>\n<p>Nous vous attendons nombreux !<\/p>\n<p>Inscription\u00a0indispensable.<\/p>\n<\/div>\n<div><\/div>\n<div>Vous pouvez vous inscrire d\u00e8s \u00e0 pr\u00e9sent, soit via la billetterie du CCW :\u00a0<a href=\"http:\/\/www.ccwelkenraedt.be\/\" target=\"_blank\" rel=\"noopener noreferrer\">www.ccwelkenraedt.be<\/a>, soit par mail via le secr\u00e9tariat de l\u2019APSAM :\u00a0<a class=\"mailto-link\" href=\"mailto:secretariat@apsam.be\" target=\"_blank\" rel=\"noopener noreferrer\">secretariat@apsam.be<\/a><\/div>\n<div><\/div>\n<p><a href=\"https:\/\/i0.wp.com\/blog-apsam.be\/wp-content\/uploads\/2020\/01\/AFFICHE_PM-chantant_09f\u00e9v.jpeg?ssl=1\"><img loading=\"lazy\" class=\"aligncenter size-full wp-image-1889\" src=\"https:\/\/i0.wp.com\/blog-apsam.be\/wp-content\/uploads\/2020\/01\/AFFICHE_PM-chantant_09f\u00e9v.jpeg?resize=453%2C640&#038;ssl=1\" alt=\"\" width=\"453\" height=\"640\" srcset=\"https:\/\/i0.wp.com\/blog-apsam.be\/wp-content\/uploads\/2020\/01\/AFFICHE_PM-chantant_09f\u00e9v.jpeg?w=453&amp;ssl=1 453w, https:\/\/i0.wp.com\/blog-apsam.be\/wp-content\/uploads\/2020\/01\/AFFICHE_PM-chantant_09f\u00e9v.jpeg?resize=212%2C300&amp;ssl=1 212w\" sizes=\"(max-width: 453px) 100vw, 453px\" data-recalc-dims=\"1\" \/><\/a><\/p>\n<div><\/div>\n","protected":false},"excerpt":{"rendered":"<p>Vous aimez chanter! Vous avez envie de partager un moment de musique et rencontrer des chanteurs qui partagent la m\u00eame passion que vous! Participez \u00e0 l\u2019apr\u00e8s-midi chantant de la f\u00e9d\u00e9ration [&hellip;]<\/p>\n","protected":false},"author":2,"featured_media":0,"comment_status":"open","ping_status":"open","sticky":false,"template":"","format":"standard","meta":{"jetpack_publicize_message":"","jetpack_is_tweetstorm":false,"jetpack_publicize_feature_enabled":true},"categories":[3],"tags":[],"jetpack_publicize_connections":[],"jetpack_featured_media_url":"","jetpack_sharing_enabled":true,"jetpack_likes_enabled":false,"_links":{"self":[{"href":"https:\/\/blog-apsam.be\/index.php?rest_route=\/wp\/v2\/posts\/1867"}],"collection":[{"href":"https:\/\/blog-apsam.be\/index.php?rest_route=\/wp\/v2\/posts"}],"about":[{"href":"https:\/\/blog-apsam.be\/index.php?rest_route=\/wp\/v2\/types\/post"}],"author":[{"embeddable":true,"href":"https:\/\/blog-apsam.be\/index.php?rest_route=\/wp\/v2\/users\/2"}],"replies":[{"embeddable":true,"href":"https:\/\/blog-apsam.be\/index.php?rest_route=%2Fwp%2Fv2%2Fcomments&post=1867"}],"version-history":[{"count":3,"href":"https:\/\/blog-apsam.be\/index.php?rest_route=\/wp\/v2\/posts\/1867\/revisions"}],"predecessor-version":[{"id":1891,"href":"https:\/\/blog-apsam.be\/index.php?rest_route=\/wp\/v2\/posts\/1867\/revisions\/1891"}],"wp:attachment":[{"href":"https:\/\/blog-apsam.be\/index.php?rest_route=%2Fwp%2Fv2%2Fmedia&parent=1867"}],"wp:term":[{"taxonomy":"category","embeddable":true,"href":"https:\/\/blog-apsam.be\/index.php?rest_route=%2Fwp%2Fv2%2Fcategories&post=1867"},{"taxonomy":"post_tag","embeddable":true,"href":"https:\/\/blog-apsam.be\/index.php?rest_route=%2Fwp%2Fv2%2Ftags&post=1867"}],"curies":[{"name":"wp","href":"https:\/\/api.w.org\/{rel}","templated":true}]}}