{"id":2498,"date":"2022-12-20T15:10:02","date_gmt":"2022-12-20T13:10:02","guid":{"rendered":"https:\/\/blog-apsam.be\/?p=2498"},"modified":"2022-12-20T15:10:02","modified_gmt":"2022-12-20T13:10:02","slug":"concours-jeunes-solistes-en-province-de-liege-02-04-2023","status":"publish","type":"post","link":"https:\/\/blog-apsam.be\/?p=2498","title":{"rendered":"Concours Jeunes Solistes en province de Li\u00e8ge &#8211; 02\/04\/2023"},"content":{"rendered":"<p>Depuis plusieurs ann\u00e9es l\u2019Association pour la Promotion des Soci\u00e9t\u00e9s d\u2019Art Musical (f\u00e9d\u00e9ration de soci\u00e9t\u00e9s musicales de type amateur en province de Li\u00e8ge) organise les \u00e9liminatoires d\u2019un concours d\u2019instrumentistes \u00e0 vent ou de percussions dans le but de promouvoir ces instruments dans la musique d\u2019ensemble.<\/p>\n<p>Vous trouverez les d\u00e9tails de ce concours national sur notre site : <a href=\"https:\/\/www.apsam.be\/?p=1048\">www.apsam.be<\/a><\/p>\n<p><a href=\"https:\/\/i0.wp.com\/blog-apsam.be\/wp-content\/uploads\/2022\/12\/affiche-jeunes-solistes-2023-page-001-scaled.jpg?ssl=1\"><img loading=\"lazy\" class=\"aligncenter wp-image-2499 size-large\" src=\"https:\/\/i0.wp.com\/blog-apsam.be\/wp-content\/uploads\/2022\/12\/affiche-jeunes-solistes-2023-page-001.jpg?resize=625%2C884&#038;ssl=1\" alt=\"\" width=\"625\" height=\"884\" srcset=\"https:\/\/i0.wp.com\/blog-apsam.be\/wp-content\/uploads\/2022\/12\/affiche-jeunes-solistes-2023-page-001-scaled.jpg?resize=724%2C1024&amp;ssl=1 724w, https:\/\/i0.wp.com\/blog-apsam.be\/wp-content\/uploads\/2022\/12\/affiche-jeunes-solistes-2023-page-001-scaled.jpg?resize=212%2C300&amp;ssl=1 212w, https:\/\/i0.wp.com\/blog-apsam.be\/wp-content\/uploads\/2022\/12\/affiche-jeunes-solistes-2023-page-001-scaled.jpg?resize=768%2C1087&amp;ssl=1 768w, https:\/\/i0.wp.com\/blog-apsam.be\/wp-content\/uploads\/2022\/12\/affiche-jeunes-solistes-2023-page-001-scaled.jpg?resize=1086%2C1536&amp;ssl=1 1086w, https:\/\/i0.wp.com\/blog-apsam.be\/wp-content\/uploads\/2022\/12\/affiche-jeunes-solistes-2023-page-001-scaled.jpg?resize=1448%2C2048&amp;ssl=1 1448w, https:\/\/i0.wp.com\/blog-apsam.be\/wp-content\/uploads\/2022\/12\/affiche-jeunes-solistes-2023-page-001-scaled.jpg?resize=624%2C883&amp;ssl=1 624w, https:\/\/i0.wp.com\/blog-apsam.be\/wp-content\/uploads\/2022\/12\/affiche-jeunes-solistes-2023-page-001-scaled.jpg?resize=1320%2C1867&amp;ssl=1 1320w, https:\/\/i0.wp.com\/blog-apsam.be\/wp-content\/uploads\/2022\/12\/affiche-jeunes-solistes-2023-page-001-scaled.jpg?w=1809&amp;ssl=1 1809w, https:\/\/i0.wp.com\/blog-apsam.be\/wp-content\/uploads\/2022\/12\/affiche-jeunes-solistes-2023-page-001-scaled.jpg?w=1250&amp;ssl=1 1250w\" sizes=\"(max-width: 625px) 100vw, 625px\" data-recalc-dims=\"1\" \/><\/a><\/p>\n<p>&nbsp;<\/p>\n","protected":false},"excerpt":{"rendered":"<p>Depuis plusieurs ann\u00e9es l\u2019Association pour la Promotion des Soci\u00e9t\u00e9s d\u2019Art Musical (f\u00e9d\u00e9ration de soci\u00e9t\u00e9s musicales de type amateur en province de Li\u00e8ge) organise les \u00e9liminatoires d\u2019un concours d\u2019instrumentistes \u00e0 vent [&hellip;]<\/p>\n","protected":false},"author":2,"featured_media":0,"comment_status":"open","ping_status":"open","sticky":false,"template":"","format":"standard","meta":{"jetpack_publicize_message":"","jetpack_is_tweetstorm":false,"jetpack_publicize_feature_enabled":true},"categories":[3],"tags":[],"jetpack_publicize_connections":[],"jetpack_featured_media_url":"","jetpack_sharing_enabled":true,"jetpack_likes_enabled":false,"_links":{"self":[{"href":"https:\/\/blog-apsam.be\/index.php?rest_route=\/wp\/v2\/posts\/2498"}],"collection":[{"href":"https:\/\/blog-apsam.be\/index.php?rest_route=\/wp\/v2\/posts"}],"about":[{"href":"https:\/\/blog-apsam.be\/index.php?rest_route=\/wp\/v2\/types\/post"}],"author":[{"embeddable":true,"href":"https:\/\/blog-apsam.be\/index.php?rest_route=\/wp\/v2\/users\/2"}],"replies":[{"embeddable":true,"href":"https:\/\/blog-apsam.be\/index.php?rest_route=%2Fwp%2Fv2%2Fcomments&post=2498"}],"version-history":[{"count":1,"href":"https:\/\/blog-apsam.be\/index.php?rest_route=\/wp\/v2\/posts\/2498\/revisions"}],"predecessor-version":[{"id":2500,"href":"https:\/\/blog-apsam.be\/index.php?rest_route=\/wp\/v2\/posts\/2498\/revisions\/2500"}],"wp:attachment":[{"href":"https:\/\/blog-apsam.be\/index.php?rest_route=%2Fwp%2Fv2%2Fmedia&parent=2498"}],"wp:term":[{"taxonomy":"category","embeddable":true,"href":"https:\/\/blog-apsam.be\/index.php?rest_route=%2Fwp%2Fv2%2Fcategories&post=2498"},{"taxonomy":"post_tag","embeddable":true,"href":"https:\/\/blog-apsam.be\/index.php?rest_route=%2Fwp%2Fv2%2Ftags&post=2498"}],"curies":[{"name":"wp","href":"https:\/\/api.w.org\/{rel}","templated":true}]}}