{"id":2522,"date":"2023-02-09T16:54:47","date_gmt":"2023-02-09T14:54:47","guid":{"rendered":"https:\/\/blog-apsam.be\/?p=2522"},"modified":"2023-02-09T16:54:47","modified_gmt":"2023-02-09T14:54:47","slug":"welkenraedt-sax-day-2023-le-26-03-2023","status":"publish","type":"post","link":"https:\/\/blog-apsam.be\/?p=2522","title":{"rendered":"Welkenraedt Sax Day 2023  le 26\/03\/2023"},"content":{"rendered":"<p>Le Centre culturel de Welkenraedt, l\u2019Acad\u00e9mie de Welkenraedt et l\u2019APSAM, en partenariat avec l\u2019IMEP et le Conservatoire Royal de Li\u00e8ge ont le plaisir d\u2019inviter les saxophonistes amateurs de la Province de Li\u00e8ge au \u00ab Welkenraedt Sax Day \u00bb le dimanche 26 mars prochain.<\/p>\n<p>La journ\u00e9e sera plac\u00e9e plac\u00e9e sous le signe du partage et de la convivialit\u00e9. Outre l\u2019aspect rencontre, des ateliers seront propos\u00e9s en matin\u00e9e aux participant.e.s (anim\u00e9s par les futurs professionnel.le.s issus des classes de saxophone de l\u2019IMEP et du Conservatoire Royal de Li\u00e8ge, supervis\u00e9s par Nele Tiebout et Rhonny Ventat).<\/p>\n<p>La journ\u00e9e se terminera par un concert, durant lequel l\u2019ensemble des saxophonistes pr\u00e9sent.e.s monteront sur la sc\u00e8ne du Centre culturel pour un moment festif.<\/p>\n<p>Le programme complet, les informations, ainsi que les modalit\u00e9s d\u2019inscription se trouvent sur le site du <a href=\"https:\/\/www.ccwelkenraedt.be\/event\/welkenraedt-saxday\/\">Centre culturel de Welkenraedt<\/a> .<\/p>\n<p><a href=\"https:\/\/i0.wp.com\/blog-apsam.be\/wp-content\/uploads\/2023\/02\/AFFICHE_sax-day_mail-page-001-scaled.jpg?ssl=1\"><img loading=\"lazy\" class=\"aligncenter size-large wp-image-2523\" src=\"https:\/\/i0.wp.com\/blog-apsam.be\/wp-content\/uploads\/2023\/02\/AFFICHE_sax-day_mail-page-001.jpg?resize=625%2C884&#038;ssl=1\" alt=\"\" width=\"625\" height=\"884\" srcset=\"https:\/\/i0.wp.com\/blog-apsam.be\/wp-content\/uploads\/2023\/02\/AFFICHE_sax-day_mail-page-001-scaled.jpg?resize=724%2C1024&amp;ssl=1 724w, https:\/\/i0.wp.com\/blog-apsam.be\/wp-content\/uploads\/2023\/02\/AFFICHE_sax-day_mail-page-001-scaled.jpg?resize=212%2C300&amp;ssl=1 212w, https:\/\/i0.wp.com\/blog-apsam.be\/wp-content\/uploads\/2023\/02\/AFFICHE_sax-day_mail-page-001-scaled.jpg?resize=768%2C1086&amp;ssl=1 768w, https:\/\/i0.wp.com\/blog-apsam.be\/wp-content\/uploads\/2023\/02\/AFFICHE_sax-day_mail-page-001-scaled.jpg?resize=1086%2C1536&amp;ssl=1 1086w, https:\/\/i0.wp.com\/blog-apsam.be\/wp-content\/uploads\/2023\/02\/AFFICHE_sax-day_mail-page-001-scaled.jpg?resize=1448%2C2048&amp;ssl=1 1448w, https:\/\/i0.wp.com\/blog-apsam.be\/wp-content\/uploads\/2023\/02\/AFFICHE_sax-day_mail-page-001-scaled.jpg?resize=624%2C882&amp;ssl=1 624w, https:\/\/i0.wp.com\/blog-apsam.be\/wp-content\/uploads\/2023\/02\/AFFICHE_sax-day_mail-page-001-scaled.jpg?resize=1320%2C1867&amp;ssl=1 1320w, https:\/\/i0.wp.com\/blog-apsam.be\/wp-content\/uploads\/2023\/02\/AFFICHE_sax-day_mail-page-001-scaled.jpg?w=1810&amp;ssl=1 1810w, https:\/\/i0.wp.com\/blog-apsam.be\/wp-content\/uploads\/2023\/02\/AFFICHE_sax-day_mail-page-001-scaled.jpg?w=1250&amp;ssl=1 1250w\" sizes=\"(max-width: 625px) 100vw, 625px\" data-recalc-dims=\"1\" \/><\/a><\/p>\n","protected":false},"excerpt":{"rendered":"<p>Le Centre culturel de Welkenraedt, l\u2019Acad\u00e9mie de Welkenraedt et l\u2019APSAM, en partenariat avec l\u2019IMEP et le Conservatoire Royal de Li\u00e8ge ont le plaisir d\u2019inviter les saxophonistes amateurs de la Province [&hellip;]<\/p>\n","protected":false},"author":2,"featured_media":0,"comment_status":"open","ping_status":"open","sticky":false,"template":"","format":"standard","meta":{"jetpack_publicize_message":"","jetpack_is_tweetstorm":false,"jetpack_publicize_feature_enabled":true},"categories":[3],"tags":[],"jetpack_publicize_connections":[],"jetpack_featured_media_url":"","jetpack_sharing_enabled":true,"jetpack_likes_enabled":false,"_links":{"self":[{"href":"https:\/\/blog-apsam.be\/index.php?rest_route=\/wp\/v2\/posts\/2522"}],"collection":[{"href":"https:\/\/blog-apsam.be\/index.php?rest_route=\/wp\/v2\/posts"}],"about":[{"href":"https:\/\/blog-apsam.be\/index.php?rest_route=\/wp\/v2\/types\/post"}],"author":[{"embeddable":true,"href":"https:\/\/blog-apsam.be\/index.php?rest_route=\/wp\/v2\/users\/2"}],"replies":[{"embeddable":true,"href":"https:\/\/blog-apsam.be\/index.php?rest_route=%2Fwp%2Fv2%2Fcomments&post=2522"}],"version-history":[{"count":1,"href":"https:\/\/blog-apsam.be\/index.php?rest_route=\/wp\/v2\/posts\/2522\/revisions"}],"predecessor-version":[{"id":2524,"href":"https:\/\/blog-apsam.be\/index.php?rest_route=\/wp\/v2\/posts\/2522\/revisions\/2524"}],"wp:attachment":[{"href":"https:\/\/blog-apsam.be\/index.php?rest_route=%2Fwp%2Fv2%2Fmedia&parent=2522"}],"wp:term":[{"taxonomy":"category","embeddable":true,"href":"https:\/\/blog-apsam.be\/index.php?rest_route=%2Fwp%2Fv2%2Fcategories&post=2522"},{"taxonomy":"post_tag","embeddable":true,"href":"https:\/\/blog-apsam.be\/index.php?rest_route=%2Fwp%2Fv2%2Ftags&post=2522"}],"curies":[{"name":"wp","href":"https:\/\/api.w.org\/{rel}","templated":true}]}}