{"id":2730,"date":"2024-02-07T12:23:07","date_gmt":"2024-02-07T10:23:07","guid":{"rendered":"https:\/\/blog-apsam.be\/?p=2730"},"modified":"2024-02-07T12:23:07","modified_gmt":"2024-02-07T10:23:07","slug":"concert-de-lorchestre-dharmonie-les-echos-de-la-berwinne-daubel-24-02-24","status":"publish","type":"post","link":"https:\/\/blog-apsam.be\/?p=2730","title":{"rendered":"Concert de l\u2019Orchestre d\u2019Harmonie \u00ab\u00a0Les Echos de la Berwinne\u00a0\u00bb d\u2019Aubel &#8211; 24\/02\/24"},"content":{"rendered":"<p><em>Cette ann\u00e9e, l\u2019Orchestre d\u2019Harmonie \u00ab\u00a0Les Echos de la Berwinne\u00a0\u00bb d\u2019Aubel part en conqu\u00eate !<\/em><\/p>\n<p><em>L\u2019an dernier, on a failli manquer de strapontins, tant il y avait du public pour assister \u00e0 la pr\u00e9sentation du nouveau r\u00e9pertoire de l\u2019Orchestre d\u2019Harmonie \u00ab\u00a0Les Echos de la Berwinne\u00a0\u00bb d\u2019Aubel \u2026<\/em><\/p>\n<p><em>Comme de coutume, ce concert sera pour le public ainsi que pour les musiciens l\u2019occasion de nouvelles exp\u00e9riences, de d\u00e9couvrir et de vous faire entendre le r\u00e9pertoire sp\u00e9cifique des orchestres \u00e0 vents.<\/em><\/p>\n<p><em>Cette ann\u00e9e, Bert Appermont, Thierry Deleruyelle, et Kenneth Hesketh seront au programme dans des \u0153uvres originales pour orchestre d\u2019harmonie.<\/em><\/p>\n<p><em>La particularit\u00e9 de ce concert r\u00e9side dans le fait que pas moins de 3 solistes issus de nos rangs et finalistes des acad\u00e9mies de notre r\u00e9gion seront au-devant de la sc\u00e8ne.<\/em><\/p>\n<p><em>Les plus jeunes appr\u00e9cieront Cartoon et si votre c\u0153ur vibre pour l\u2019univers Pop ou Soul ; les succ\u00e8s de Frank Sinatra et A-ha cl\u00f4tureront ce concert !<\/em><\/p>\n<p><em>Billets : 10\u20ac sur place &#8211; 8\u20ac en pr\u00e9vente (disponibles au Press Shop d&rsquo;Aubel ou en ligne via\u00a0<a href=\"http:\/\/www.harmonieaubel.be\/?fbclid=IwAR1dPpPKKPTkgFMLj-KaokU-smXqrEHF7GZWPI-krfrin4shr61qHK_PfUI\" data-saferedirecturl=\"https:\/\/www.google.com\/url?q=http:\/\/www.harmonieaubel.be\/?fbclid%3DIwAR1dPpPKKPTkgFMLj-KaokU-smXqrEHF7GZWPI-krfrin4shr61qHK_PfUI&amp;source=gmail&amp;ust=1707386371154000&amp;usg=AOvVaw3NP4AmO-DARSxU-avDkbd9\">www.harmonieaubel.be<\/a>)<br \/>\nGratuit pour les enfants jusqu&rsquo;\u00e0 12 ans (inclus)\u00a0<\/em><\/p>\n<p><a href=\"https:\/\/i0.wp.com\/blog-apsam.be\/wp-content\/uploads\/2024\/02\/Affiche-2024_page-0001.jpg?ssl=1\"><img loading=\"lazy\" class=\"alignnone size-large wp-image-2728\" src=\"https:\/\/i0.wp.com\/blog-apsam.be\/wp-content\/uploads\/2024\/02\/Affiche-2024_page-0001.jpg?resize=625%2C883&#038;ssl=1\" alt=\"\" width=\"625\" height=\"883\" srcset=\"https:\/\/i0.wp.com\/blog-apsam.be\/wp-content\/uploads\/2024\/02\/Affiche-2024_page-0001.jpg?resize=725%2C1024&amp;ssl=1 725w, https:\/\/i0.wp.com\/blog-apsam.be\/wp-content\/uploads\/2024\/02\/Affiche-2024_page-0001.jpg?resize=212%2C300&amp;ssl=1 212w, https:\/\/i0.wp.com\/blog-apsam.be\/wp-content\/uploads\/2024\/02\/Affiche-2024_page-0001.jpg?resize=768%2C1085&amp;ssl=1 768w, https:\/\/i0.wp.com\/blog-apsam.be\/wp-content\/uploads\/2024\/02\/Affiche-2024_page-0001.jpg?resize=1087%2C1536&amp;ssl=1 1087w, https:\/\/i0.wp.com\/blog-apsam.be\/wp-content\/uploads\/2024\/02\/Affiche-2024_page-0001.jpg?resize=624%2C882&amp;ssl=1 624w, https:\/\/i0.wp.com\/blog-apsam.be\/wp-content\/uploads\/2024\/02\/Affiche-2024_page-0001.jpg?w=1241&amp;ssl=1 1241w\" sizes=\"(max-width: 625px) 100vw, 625px\" data-recalc-dims=\"1\" \/><\/a><\/p>\n","protected":false},"excerpt":{"rendered":"<p>Cette ann\u00e9e, l\u2019Orchestre d\u2019Harmonie \u00ab\u00a0Les Echos de la Berwinne\u00a0\u00bb d\u2019Aubel part en conqu\u00eate ! L\u2019an dernier, on a failli manquer de strapontins, tant il y avait du public pour assister [&hellip;]<\/p>\n","protected":false},"author":2,"featured_media":0,"comment_status":"open","ping_status":"open","sticky":false,"template":"","format":"standard","meta":{"jetpack_publicize_message":"","jetpack_is_tweetstorm":false,"jetpack_publicize_feature_enabled":true},"categories":[4],"tags":[],"jetpack_publicize_connections":[],"jetpack_featured_media_url":"","jetpack_sharing_enabled":true,"jetpack_likes_enabled":false,"_links":{"self":[{"href":"https:\/\/blog-apsam.be\/index.php?rest_route=\/wp\/v2\/posts\/2730"}],"collection":[{"href":"https:\/\/blog-apsam.be\/index.php?rest_route=\/wp\/v2\/posts"}],"about":[{"href":"https:\/\/blog-apsam.be\/index.php?rest_route=\/wp\/v2\/types\/post"}],"author":[{"embeddable":true,"href":"https:\/\/blog-apsam.be\/index.php?rest_route=\/wp\/v2\/users\/2"}],"replies":[{"embeddable":true,"href":"https:\/\/blog-apsam.be\/index.php?rest_route=%2Fwp%2Fv2%2Fcomments&post=2730"}],"version-history":[{"count":1,"href":"https:\/\/blog-apsam.be\/index.php?rest_route=\/wp\/v2\/posts\/2730\/revisions"}],"predecessor-version":[{"id":2731,"href":"https:\/\/blog-apsam.be\/index.php?rest_route=\/wp\/v2\/posts\/2730\/revisions\/2731"}],"wp:attachment":[{"href":"https:\/\/blog-apsam.be\/index.php?rest_route=%2Fwp%2Fv2%2Fmedia&parent=2730"}],"wp:term":[{"taxonomy":"category","embeddable":true,"href":"https:\/\/blog-apsam.be\/index.php?rest_route=%2Fwp%2Fv2%2Fcategories&post=2730"},{"taxonomy":"post_tag","embeddable":true,"href":"https:\/\/blog-apsam.be\/index.php?rest_route=%2Fwp%2Fv2%2Ftags&post=2730"}],"curies":[{"name":"wp","href":"https:\/\/api.w.org\/{rel}","templated":true}]}}