{"id":2833,"date":"2024-10-28T12:13:01","date_gmt":"2024-10-28T10:13:01","guid":{"rendered":"https:\/\/blog-apsam.be\/?p=2833"},"modified":"2024-10-28T12:13:01","modified_gmt":"2024-10-28T10:13:01","slug":"concert-dans-les-etoiles-royale-harmonie-de-moresnet-30-11-2024","status":"publish","type":"post","link":"https:\/\/blog-apsam.be\/?p=2833","title":{"rendered":"CONCERT \u00ab\u00a0DANS LES ETOILES\u00a0\u00bb \u2013 ROYALE HARMONIE DE MORESNET 30-11-2024"},"content":{"rendered":"<p><strong>CONCERT \u00ab\u00a0DANS LES ETOILES\u00a0\u00bb \u2013 MORESNET<\/strong><\/p>\n<p>Pour leur rendez-vous annuel automnal, Thomas Groenweghe et tous les membres de la Royale Harmonie de Moresnet vous invitent \u00e0 prendre de la hauteur\u00a0! Le samedi 30 novembre 2024, laissez-vous transporter par une soir\u00e9e musicale inspir\u00e9e par l\u2019infini du ciel et la beaut\u00e9 de l\u2019univers. Des airs classiques et contemporains c\u00e9l\u00e8bres, tels que \u00ab\u00a0Star wars\u00a0\u00bb de John Williams ou \u00ab\u00a0Lever du jour\u00a0\u00bb de Richard Strauss vous feront voyager \u00e0 travers des harmonies c\u00e9lestes.<\/p>\n<p>Rendez-vous \u00e0 la Salle du Viaduc \u00e0 Moresnet \u00e0 20h pour cette exp\u00e9rience sous les astres\u00a0!<\/p>\n<p>PAF\u00a0: 8 euros \u2013 Plus d\u2019infos\u00a0: R. Lutterbach 0495\/122745<\/p>\n<p><a href=\"https:\/\/i0.wp.com\/blog-apsam.be\/wp-content\/uploads\/2024\/10\/Dans-les-e\u0301toiles_Affiche-Harmonie-Moresnet.png?ssl=1\"><img loading=\"lazy\" class=\"alignnone size-large wp-image-2834\" src=\"https:\/\/i0.wp.com\/blog-apsam.be\/wp-content\/uploads\/2024\/10\/Dans-les-e\u0301toiles_Affiche-Harmonie-Moresnet.png?resize=625%2C884&#038;ssl=1\" alt=\"\" width=\"625\" height=\"884\" srcset=\"https:\/\/i0.wp.com\/blog-apsam.be\/wp-content\/uploads\/2024\/10\/Dans-les-e\u0301toiles_Affiche-Harmonie-Moresnet.png?resize=724%2C1024&amp;ssl=1 724w, https:\/\/i0.wp.com\/blog-apsam.be\/wp-content\/uploads\/2024\/10\/Dans-les-e\u0301toiles_Affiche-Harmonie-Moresnet.png?resize=212%2C300&amp;ssl=1 212w, https:\/\/i0.wp.com\/blog-apsam.be\/wp-content\/uploads\/2024\/10\/Dans-les-e\u0301toiles_Affiche-Harmonie-Moresnet.png?resize=768%2C1086&amp;ssl=1 768w, https:\/\/i0.wp.com\/blog-apsam.be\/wp-content\/uploads\/2024\/10\/Dans-les-e\u0301toiles_Affiche-Harmonie-Moresnet.png?resize=1086%2C1536&amp;ssl=1 1086w, https:\/\/i0.wp.com\/blog-apsam.be\/wp-content\/uploads\/2024\/10\/Dans-les-e\u0301toiles_Affiche-Harmonie-Moresnet.png?resize=1448%2C2048&amp;ssl=1 1448w, https:\/\/i0.wp.com\/blog-apsam.be\/wp-content\/uploads\/2024\/10\/Dans-les-e\u0301toiles_Affiche-Harmonie-Moresnet.png?resize=624%2C883&amp;ssl=1 624w, https:\/\/i0.wp.com\/blog-apsam.be\/wp-content\/uploads\/2024\/10\/Dans-les-e\u0301toiles_Affiche-Harmonie-Moresnet.png?resize=1320%2C1867&amp;ssl=1 1320w, https:\/\/i0.wp.com\/blog-apsam.be\/wp-content\/uploads\/2024\/10\/Dans-les-e\u0301toiles_Affiche-Harmonie-Moresnet.png?w=1587&amp;ssl=1 1587w, https:\/\/i0.wp.com\/blog-apsam.be\/wp-content\/uploads\/2024\/10\/Dans-les-e\u0301toiles_Affiche-Harmonie-Moresnet.png?w=1250&amp;ssl=1 1250w\" sizes=\"(max-width: 625px) 100vw, 625px\" data-recalc-dims=\"1\" \/><\/a><\/p>\n","protected":false},"excerpt":{"rendered":"<p>CONCERT \u00ab\u00a0DANS LES ETOILES\u00a0\u00bb \u2013 MORESNET Pour leur rendez-vous annuel automnal, Thomas Groenweghe et tous les membres de la Royale Harmonie de Moresnet vous invitent \u00e0 prendre de la hauteur\u00a0! [&hellip;]<\/p>\n","protected":false},"author":2,"featured_media":0,"comment_status":"open","ping_status":"open","sticky":false,"template":"","format":"standard","meta":{"jetpack_publicize_message":"","jetpack_is_tweetstorm":false,"jetpack_publicize_feature_enabled":true},"categories":[4],"tags":[],"jetpack_publicize_connections":[],"jetpack_featured_media_url":"","jetpack_sharing_enabled":true,"jetpack_likes_enabled":false,"_links":{"self":[{"href":"https:\/\/blog-apsam.be\/index.php?rest_route=\/wp\/v2\/posts\/2833"}],"collection":[{"href":"https:\/\/blog-apsam.be\/index.php?rest_route=\/wp\/v2\/posts"}],"about":[{"href":"https:\/\/blog-apsam.be\/index.php?rest_route=\/wp\/v2\/types\/post"}],"author":[{"embeddable":true,"href":"https:\/\/blog-apsam.be\/index.php?rest_route=\/wp\/v2\/users\/2"}],"replies":[{"embeddable":true,"href":"https:\/\/blog-apsam.be\/index.php?rest_route=%2Fwp%2Fv2%2Fcomments&post=2833"}],"version-history":[{"count":1,"href":"https:\/\/blog-apsam.be\/index.php?rest_route=\/wp\/v2\/posts\/2833\/revisions"}],"predecessor-version":[{"id":2835,"href":"https:\/\/blog-apsam.be\/index.php?rest_route=\/wp\/v2\/posts\/2833\/revisions\/2835"}],"wp:attachment":[{"href":"https:\/\/blog-apsam.be\/index.php?rest_route=%2Fwp%2Fv2%2Fmedia&parent=2833"}],"wp:term":[{"taxonomy":"category","embeddable":true,"href":"https:\/\/blog-apsam.be\/index.php?rest_route=%2Fwp%2Fv2%2Fcategories&post=2833"},{"taxonomy":"post_tag","embeddable":true,"href":"https:\/\/blog-apsam.be\/index.php?rest_route=%2Fwp%2Fv2%2Ftags&post=2833"}],"curies":[{"name":"wp","href":"https:\/\/api.w.org\/{rel}","templated":true}]}}