{"id":2845,"date":"2024-11-28T13:01:06","date_gmt":"2024-11-28T11:01:06","guid":{"rendered":"https:\/\/blog-apsam.be\/?p=2845"},"modified":"2024-11-28T13:01:06","modified_gmt":"2024-11-28T11:01:06","slug":"concert-de-noel-de-la-royale-harmonie-lavenir-de-liers-13-12-2024","status":"publish","type":"post","link":"https:\/\/blog-apsam.be\/?p=2845","title":{"rendered":"Concert de No\u00ebl de la Royale Harmonie L\u2019Avenir de Liers &#8211; 13\/12\/2024"},"content":{"rendered":"<p>L&rsquo;ensemble des comit\u00e9s liersois vous a concoct\u00e9 un panel d\u2019activit\u00e9s de circonstance\u00a0: le vendredi 13 d\u00e9cembre \u00e0 20 h \u00e0 l\u2019\u00e9glise, la Royale Harmonie <em>L\u2019Avenir <\/em>de Liers, son \u00e9cole de musique et un Big Band tout neuf vous plongeront dans l\u2019ambiance musicale de No\u00ebl. Vin chaud propos\u00e9 \u00e0 la pause et rencontre conviviale d\u2019apr\u00e8s concert. Entr\u00e9e 8 euros. Samedi et dimanche, village de No\u00ebl festif \u00e0 deux pas de l\u2019\u00e9glise. Voil\u00e0 de quoi entamer ardemment les festivit\u00e9s de fin d\u2019ann\u00e9e \u00e0 Liers (Herstal).<\/p>\n<p><a href=\"https:\/\/i0.wp.com\/blog-apsam.be\/wp-content\/uploads\/2024\/11\/241021-Affiche-Liers-12-2024_page-0001.jpg?ssl=1\"><img loading=\"lazy\" class=\"alignnone size-large wp-image-2846\" src=\"https:\/\/i0.wp.com\/blog-apsam.be\/wp-content\/uploads\/2024\/11\/241021-Affiche-Liers-12-2024_page-0001.jpg?resize=625%2C883&#038;ssl=1\" alt=\"\" width=\"625\" height=\"883\" srcset=\"https:\/\/i0.wp.com\/blog-apsam.be\/wp-content\/uploads\/2024\/11\/241021-Affiche-Liers-12-2024_page-0001.jpg?resize=725%2C1024&amp;ssl=1 725w, https:\/\/i0.wp.com\/blog-apsam.be\/wp-content\/uploads\/2024\/11\/241021-Affiche-Liers-12-2024_page-0001.jpg?resize=212%2C300&amp;ssl=1 212w, https:\/\/i0.wp.com\/blog-apsam.be\/wp-content\/uploads\/2024\/11\/241021-Affiche-Liers-12-2024_page-0001.jpg?resize=768%2C1085&amp;ssl=1 768w, https:\/\/i0.wp.com\/blog-apsam.be\/wp-content\/uploads\/2024\/11\/241021-Affiche-Liers-12-2024_page-0001.jpg?resize=1088%2C1536&amp;ssl=1 1088w, https:\/\/i0.wp.com\/blog-apsam.be\/wp-content\/uploads\/2024\/11\/241021-Affiche-Liers-12-2024_page-0001.jpg?resize=1450%2C2048&amp;ssl=1 1450w, https:\/\/i0.wp.com\/blog-apsam.be\/wp-content\/uploads\/2024\/11\/241021-Affiche-Liers-12-2024_page-0001.jpg?resize=624%2C881&amp;ssl=1 624w, https:\/\/i0.wp.com\/blog-apsam.be\/wp-content\/uploads\/2024\/11\/241021-Affiche-Liers-12-2024_page-0001.jpg?resize=1320%2C1864&amp;ssl=1 1320w, https:\/\/i0.wp.com\/blog-apsam.be\/wp-content\/uploads\/2024\/11\/241021-Affiche-Liers-12-2024_page-0001.jpg?w=1659&amp;ssl=1 1659w, https:\/\/i0.wp.com\/blog-apsam.be\/wp-content\/uploads\/2024\/11\/241021-Affiche-Liers-12-2024_page-0001.jpg?w=1250&amp;ssl=1 1250w\" sizes=\"(max-width: 625px) 100vw, 625px\" data-recalc-dims=\"1\" \/><\/a><\/p>\n","protected":false},"excerpt":{"rendered":"<p>L&rsquo;ensemble des comit\u00e9s liersois vous a concoct\u00e9 un panel d\u2019activit\u00e9s de circonstance\u00a0: le vendredi 13 d\u00e9cembre \u00e0 20 h \u00e0 l\u2019\u00e9glise, la Royale Harmonie L\u2019Avenir de Liers, son \u00e9cole de [&hellip;]<\/p>\n","protected":false},"author":2,"featured_media":0,"comment_status":"open","ping_status":"open","sticky":false,"template":"","format":"standard","meta":{"jetpack_publicize_message":"","jetpack_is_tweetstorm":false,"jetpack_publicize_feature_enabled":true},"categories":[4],"tags":[],"jetpack_publicize_connections":[],"jetpack_featured_media_url":"","jetpack_sharing_enabled":true,"jetpack_likes_enabled":false,"_links":{"self":[{"href":"https:\/\/blog-apsam.be\/index.php?rest_route=\/wp\/v2\/posts\/2845"}],"collection":[{"href":"https:\/\/blog-apsam.be\/index.php?rest_route=\/wp\/v2\/posts"}],"about":[{"href":"https:\/\/blog-apsam.be\/index.php?rest_route=\/wp\/v2\/types\/post"}],"author":[{"embeddable":true,"href":"https:\/\/blog-apsam.be\/index.php?rest_route=\/wp\/v2\/users\/2"}],"replies":[{"embeddable":true,"href":"https:\/\/blog-apsam.be\/index.php?rest_route=%2Fwp%2Fv2%2Fcomments&post=2845"}],"version-history":[{"count":1,"href":"https:\/\/blog-apsam.be\/index.php?rest_route=\/wp\/v2\/posts\/2845\/revisions"}],"predecessor-version":[{"id":2847,"href":"https:\/\/blog-apsam.be\/index.php?rest_route=\/wp\/v2\/posts\/2845\/revisions\/2847"}],"wp:attachment":[{"href":"https:\/\/blog-apsam.be\/index.php?rest_route=%2Fwp%2Fv2%2Fmedia&parent=2845"}],"wp:term":[{"taxonomy":"category","embeddable":true,"href":"https:\/\/blog-apsam.be\/index.php?rest_route=%2Fwp%2Fv2%2Fcategories&post=2845"},{"taxonomy":"post_tag","embeddable":true,"href":"https:\/\/blog-apsam.be\/index.php?rest_route=%2Fwp%2Fv2%2Ftags&post=2845"}],"curies":[{"name":"wp","href":"https:\/\/api.w.org\/{rel}","templated":true}]}}