{"id":2857,"date":"2024-11-28T15:56:23","date_gmt":"2024-11-28T13:56:23","guid":{"rendered":"https:\/\/blog-apsam.be\/?p=2857"},"modified":"2024-11-28T15:56:23","modified_gmt":"2024-11-28T13:56:23","slug":"concert-de-noel-de-la-royale-chorale-st-gregoire-de-baelen-14-12-2024","status":"publish","type":"post","link":"https:\/\/blog-apsam.be\/?p=2857","title":{"rendered":"CONCERT DE NO\u00cbL DE LA ROYALE CHORALE ST GREGOIRE DE BAELEN &#8211; 14\/12\/2024"},"content":{"rendered":"<p><strong>CONCERT DE NO\u00cbL DE LA ROYALE CHORALE ST GREGOIRE DE BAELEN<\/strong><\/p>\n<p>Les membres de la Royale Chorale St. Gr\u00e9goire ont le plaisir de vous inviter \u00e0 leur traditionnel concert de No\u00ebl qui aura lieu en l&rsquo;\u00e9glise de Baelen<\/p>\n<p><strong>le samedi 14 d\u00e9cembre 2024 \u00e0 19 h 30\u00a0<\/strong><\/p>\n<p>A l&rsquo; affiche cette ann\u00e9e :<br \/>\n<strong style=\"font-size: 1rem;\">La Royale Chorale St. Gr\u00e9goire de Baelen<\/strong><\/p>\n<p><strong>et, notre invit\u00e9 ,\u00a0<\/strong><\/p>\n<ul>\n<li><strong>le trompettiste professionnel J\u00e9r\u00e9my Delmelle <\/strong><\/li>\n<\/ul>\n<p>A l&rsquo;issue du concert, dans la magie de No\u00ebl et des f\u00eates de fin d&rsquo;ann\u00e9e, vin chaud et autres boissons \u00e0\u00a0 prix d\u00e9mocratiques seront propos\u00e9s au fond de l\u2019\u00e9glise.<\/p>\n<p><strong>Invitation cordiale \u00e0 tous.<\/strong><\/p>\n<p>Entr\u00e9e\u00a0: 5 \u20ac \u00a0(gratuit pour les \u2013 de 12 ans)<\/p>\n<p><a href=\"https:\/\/i0.wp.com\/blog-apsam.be\/wp-content\/uploads\/2024\/11\/Concert-de-Noel-de-la-Royale-Chorale-St-Gregoire-de-Baelen-3_page-0001.jpg?ssl=1\"><img loading=\"lazy\" class=\"alignnone size-full wp-image-2858\" src=\"https:\/\/i0.wp.com\/blog-apsam.be\/wp-content\/uploads\/2024\/11\/Concert-de-Noel-de-la-Royale-Chorale-St-Gregoire-de-Baelen-3_page-0001.jpg?resize=578%2C818&#038;ssl=1\" alt=\"\" width=\"578\" height=\"818\" srcset=\"https:\/\/i0.wp.com\/blog-apsam.be\/wp-content\/uploads\/2024\/11\/Concert-de-Noel-de-la-Royale-Chorale-St-Gregoire-de-Baelen-3_page-0001.jpg?w=578&amp;ssl=1 578w, https:\/\/i0.wp.com\/blog-apsam.be\/wp-content\/uploads\/2024\/11\/Concert-de-Noel-de-la-Royale-Chorale-St-Gregoire-de-Baelen-3_page-0001.jpg?resize=212%2C300&amp;ssl=1 212w\" sizes=\"(max-width: 578px) 100vw, 578px\" data-recalc-dims=\"1\" \/><\/a><\/p>\n","protected":false},"excerpt":{"rendered":"<p>CONCERT DE NO\u00cbL DE LA ROYALE CHORALE ST GREGOIRE DE BAELEN Les membres de la Royale Chorale St. Gr\u00e9goire ont le plaisir de vous inviter \u00e0 leur traditionnel concert de [&hellip;]<\/p>\n","protected":false},"author":2,"featured_media":0,"comment_status":"open","ping_status":"open","sticky":false,"template":"","format":"standard","meta":{"jetpack_publicize_message":"","jetpack_is_tweetstorm":false,"jetpack_publicize_feature_enabled":true},"categories":[4],"tags":[],"jetpack_publicize_connections":[],"jetpack_featured_media_url":"","jetpack_sharing_enabled":true,"jetpack_likes_enabled":false,"_links":{"self":[{"href":"https:\/\/blog-apsam.be\/index.php?rest_route=\/wp\/v2\/posts\/2857"}],"collection":[{"href":"https:\/\/blog-apsam.be\/index.php?rest_route=\/wp\/v2\/posts"}],"about":[{"href":"https:\/\/blog-apsam.be\/index.php?rest_route=\/wp\/v2\/types\/post"}],"author":[{"embeddable":true,"href":"https:\/\/blog-apsam.be\/index.php?rest_route=\/wp\/v2\/users\/2"}],"replies":[{"embeddable":true,"href":"https:\/\/blog-apsam.be\/index.php?rest_route=%2Fwp%2Fv2%2Fcomments&post=2857"}],"version-history":[{"count":1,"href":"https:\/\/blog-apsam.be\/index.php?rest_route=\/wp\/v2\/posts\/2857\/revisions"}],"predecessor-version":[{"id":2859,"href":"https:\/\/blog-apsam.be\/index.php?rest_route=\/wp\/v2\/posts\/2857\/revisions\/2859"}],"wp:attachment":[{"href":"https:\/\/blog-apsam.be\/index.php?rest_route=%2Fwp%2Fv2%2Fmedia&parent=2857"}],"wp:term":[{"taxonomy":"category","embeddable":true,"href":"https:\/\/blog-apsam.be\/index.php?rest_route=%2Fwp%2Fv2%2Fcategories&post=2857"},{"taxonomy":"post_tag","embeddable":true,"href":"https:\/\/blog-apsam.be\/index.php?rest_route=%2Fwp%2Fv2%2Ftags&post=2857"}],"curies":[{"name":"wp","href":"https:\/\/api.w.org\/{rel}","templated":true}]}}