{"id":2898,"date":"2025-03-17T09:46:50","date_gmt":"2025-03-17T07:46:50","guid":{"rendered":"https:\/\/blog-apsam.be\/?p=2898"},"modified":"2025-03-17T09:46:50","modified_gmt":"2025-03-17T07:46:50","slug":"welkenraedt-choral-day-inscription-aux-ateliers-23-03-2025","status":"publish","type":"post","link":"https:\/\/blog-apsam.be\/?p=2898","title":{"rendered":"Welkenraedt Choral Day \u2013 inscription aux ateliers &#8211; 23\/03\/2025"},"content":{"rendered":"<h1>Welkenraedt Choral Day \u2013 inscription aux ateliers<\/h1>\n<p style=\"font-weight: 400;\"><b>Bienvenue\u00a0!<\/b><\/p>\n<p style=\"font-weight: 400;\">Voici quelques pr\u00e9cisions pour l\u2019inscription et l\u2019organisation pratique du\u00a0<i><em>Welkenraedt Choral Day<\/em><\/i>\u00a0organis\u00e9 par l\u2019Acad\u00e9mie de Welkenraedt, la F\u00e9d\u00e9ration musicale APSAM et le Centre culturel de Welkenraedt.<\/p>\n<p style=\"font-weight: 400;\">D\u00e9butants ou confirm\u00e9s, vous \u00eates tous les bienvenus\u00a0: pas de pr\u00e9requis n\u00e9cessaires\u00a0! Le d\u00e9fi est de r\u00e9unir plus de 100 choristes. N\u2019h\u00e9sitez pas \u00e0 venir en famille, avec votre ensemble vocal, votre chorale ou avec vos amis pour passer un bon moment en musique et d\u00e9couvrir des r\u00e9pertoires vari\u00e9s !<\/p>\n<p style=\"font-weight: 400;\">Cette journ\u00e9e conviviale consacr\u00e9e \u00e0 la pratique vocale s\u2019articulera en trois temps\u00a0: des ateliers, des r\u00e9p\u00e9titions et un concert. L\u2019avant-midi sera consacr\u00e9 aux ateliers\u00a0; l\u2019apr\u00e8s-midi permettra de cr\u00e9er un ch\u0153ur \u00e9ph\u00e9m\u00e8re et de pr\u00e9parer 3 ou 4 chants communs pour le concert de fin de journ\u00e9e qui, avec des artistes invit\u00e9s, voyagera de la musique classique aux musiques actuelles et mettra \u00e0 l\u2019honneur l\u2019univers de Pierre Rapsat .<\/p>\n<p style=\"font-weight: 400;\"><b><strong>Horaire<\/strong><\/b><\/p>\n<p style=\"font-weight: 400;\">9h00\u00a0: accueil au Centre culturel de Welkenraedt et r\u00e9partition en groupes\u00a0d\u2019adultes, de jeunes et d\u2019enfants \u00e0 partir de\u00a08 ans<\/p>\n<p style=\"font-weight: 400;\">9h30\u00a0: \u00e9chauffement commun (exercices de r\u00e9veil corporel et vocal)<\/p>\n<p style=\"font-weight: 400;\">10h30\u00a0: ateliers au Centre culturel et \u00e0 l\u2019Acad\u00e9mie<\/p>\n<p style=\"font-weight: 400;\">12h45\u00a0: buffet de sandwiches vari\u00e9s au Centre culturel<\/p>\n<p style=\"font-weight: 400;\">13h30\u00a0: r\u00e9p\u00e9titions partielles et g\u00e9n\u00e9rale du ch\u0153ur \u00e9ph\u00e9m\u00e8re<\/p>\n<p style=\"font-weight: 400;\">16h30\u00a0: concert au Centre culturel<\/p>\n<p style=\"font-weight: 400;\">17h30\u00a0: sc\u00e8ne ouverte<\/p>\n<p style=\"font-weight: 400;\"><b><strong>Lieux\u00a0<\/strong><\/b><\/p>\n<p style=\"font-weight: 400;\">Centre culturel de Welkenraedt\u00a0: 10, rue Gr\u00e9try<\/p>\n<p style=\"font-weight: 400;\">Acad\u00e9mie de Welkenraedt\u00a0: entr\u00e9e via 8, rue de l\u2019\u00c9cole<\/p>\n<p style=\"font-weight: 400;\"><b><strong>Les Ateliers\u00a0<\/strong><\/b><\/p>\n<p style=\"font-weight: 400;\">Plusieurs ateliers de pratique vocale collective avec des r\u00e9pertoires d\u2019origines diverses seront organis\u00e9s en parall\u00e8le\u00a0:<\/p>\n<p style=\"font-weight: 400;\">&#8211; atelier pour gagner en aisance vocale, en conscience polyphonique et en homog\u00e9n\u00e9it\u00e9 au sein d\u2019un ch\u0153ur\u00a0;<\/p>\n<p style=\"font-weight: 400;\">&#8211; atelier pour progresser dans la technique vocale et la ma\u00eetrise des param\u00e8tres musicaux\u00a0;<\/p>\n<p style=\"font-weight: 400;\">&#8211; atelier de\u00a0<i><em>Circles songs<\/em><\/i>\u00a0;<\/p>\n<p style=\"font-weight: 400;\">&#8211; atelier pour d\u00e9velopper ses comp\u00e9tences rythmiques, ses comp\u00e9tences harmoniques, ses comp\u00e9tences m\u00e9lodiques\u00a0;<\/p>\n<p style=\"font-weight: 400;\">&#8211; atelier pour chanter juste, avoir une bonne assise rythmique et d\u00e9velopper sa\u00a0technique vocale.<\/p>\n<p style=\"font-weight: 400;\"><b><strong>Participation aux frais\u00a0<\/strong><\/b><\/p>\n<p style=\"font-weight: 400;\">15\u20ac \u00e0 verser sur le compte du CC de Welkenraedt BE94 0682 0925 6814 avec en communication\u00a0: nom, pr\u00e9nom, Welkenraedt Choral Day.<\/p>\n<p style=\"font-weight: 400;\">Cette PAF comprend l\u2019encadrement artistique, les collations durant les pauses, un buffet de sandwiches \u00e0 midi, ainsi que l\u2019acc\u00e8s au concert de fin de journ\u00e9e.<\/p>\n<p style=\"font-weight: 400;\">\u00a0D\u00e8s r\u00e9ception de votre inscription et de votre paiement, les partitions des chants communs (avec enregistrements MP3 de travail) seront transmises.<\/p>\n<p style=\"font-weight: 400;\">Merci de bien vouloir vous inscrire le plus t\u00f4t possible et\u00a0<u>au plus tard\u00a0le\u00a017 mars<\/u>, en compl\u00e9tant le formulaire en\u00a0<b><i><a href=\"https:\/\/docs.google.com\/forms\/d\/e\/1FAIpQLSeMemmEcDkAVvFZowB4IWxQ3ftqKMRqRvIADuzRxEV-6FrEfA\/viewform\">cliquant ici<\/a><\/i><\/b>.<\/p>\n<p style=\"font-weight: 400;\">L\u2019organisation de la journ\u00e9e est conditionn\u00e9e \u00e0 l\u2019inscription d\u2019un nombre suffisant de participants.<\/p>\n<p style=\"font-weight: 400;\"><b><strong>Sc\u00e8ne ouverte\u00a0<\/strong><\/b><\/p>\n<p style=\"font-weight: 400;\">Pour cl\u00f4turer cette journ\u00e9e plac\u00e9e sous le signe du partage et de la convivialit\u00e9, une \u00ab\u00a0sc\u00e8ne ouverte\u00a0\u00bb sera disponible dans le forum du Centre culturel, d\u00e8s 17h30, pour tous les ensembles vocaux qui souhaitent s\u2019y produire pour un moment festif. Merci de bien vouloir prendre contact avec le Centre culturel pour annoncer la participation de votre ch\u0153ur\u00a0: info@ccwelkenraedt.be<\/p>\n<p style=\"font-weight: 400;\">ORGANISATION : CCW &amp; APSAM<br \/>\nINFO &amp; RESERVATIONS : 087 89 91 70<\/p>\n<p><a href=\"https:\/\/i0.wp.com\/blog-apsam.be\/wp-content\/uploads\/2025\/03\/AFFICHE_Choral-Day_journee_page-0001-scaled.jpg?ssl=1\"><img loading=\"lazy\" class=\"alignnone size-large wp-image-2899\" src=\"https:\/\/i0.wp.com\/blog-apsam.be\/wp-content\/uploads\/2025\/03\/AFFICHE_Choral-Day_journee_page-0001.jpg?resize=625%2C871&#038;ssl=1\" alt=\"\" width=\"625\" height=\"871\" srcset=\"https:\/\/i0.wp.com\/blog-apsam.be\/wp-content\/uploads\/2025\/03\/AFFICHE_Choral-Day_journee_page-0001-scaled.jpg?resize=735%2C1024&amp;ssl=1 735w, https:\/\/i0.wp.com\/blog-apsam.be\/wp-content\/uploads\/2025\/03\/AFFICHE_Choral-Day_journee_page-0001-scaled.jpg?resize=215%2C300&amp;ssl=1 215w, https:\/\/i0.wp.com\/blog-apsam.be\/wp-content\/uploads\/2025\/03\/AFFICHE_Choral-Day_journee_page-0001-scaled.jpg?resize=768%2C1071&amp;ssl=1 768w, https:\/\/i0.wp.com\/blog-apsam.be\/wp-content\/uploads\/2025\/03\/AFFICHE_Choral-Day_journee_page-0001-scaled.jpg?resize=1102%2C1536&amp;ssl=1 1102w, https:\/\/i0.wp.com\/blog-apsam.be\/wp-content\/uploads\/2025\/03\/AFFICHE_Choral-Day_journee_page-0001-scaled.jpg?resize=1469%2C2048&amp;ssl=1 1469w, https:\/\/i0.wp.com\/blog-apsam.be\/wp-content\/uploads\/2025\/03\/AFFICHE_Choral-Day_journee_page-0001-scaled.jpg?resize=624%2C870&amp;ssl=1 624w, https:\/\/i0.wp.com\/blog-apsam.be\/wp-content\/uploads\/2025\/03\/AFFICHE_Choral-Day_journee_page-0001-scaled.jpg?resize=1320%2C1840&amp;ssl=1 1320w, https:\/\/i0.wp.com\/blog-apsam.be\/wp-content\/uploads\/2025\/03\/AFFICHE_Choral-Day_journee_page-0001-scaled.jpg?w=1836&amp;ssl=1 1836w, https:\/\/i0.wp.com\/blog-apsam.be\/wp-content\/uploads\/2025\/03\/AFFICHE_Choral-Day_journee_page-0001-scaled.jpg?w=1250&amp;ssl=1 1250w\" sizes=\"(max-width: 625px) 100vw, 625px\" data-recalc-dims=\"1\" \/><\/a><\/p>\n","protected":false},"excerpt":{"rendered":"<p>Welkenraedt Choral Day \u2013 inscription aux ateliers Bienvenue\u00a0! Voici quelques pr\u00e9cisions pour l\u2019inscription et l\u2019organisation pratique du\u00a0Welkenraedt Choral Day\u00a0organis\u00e9 par l\u2019Acad\u00e9mie de Welkenraedt, la F\u00e9d\u00e9ration musicale APSAM et le Centre [&hellip;]<\/p>\n","protected":false},"author":2,"featured_media":0,"comment_status":"open","ping_status":"open","sticky":false,"template":"","format":"standard","meta":{"jetpack_publicize_message":"","jetpack_is_tweetstorm":false,"jetpack_publicize_feature_enabled":true},"categories":[3],"tags":[],"jetpack_publicize_connections":[],"jetpack_featured_media_url":"","jetpack_sharing_enabled":true,"jetpack_likes_enabled":false,"_links":{"self":[{"href":"https:\/\/blog-apsam.be\/index.php?rest_route=\/wp\/v2\/posts\/2898"}],"collection":[{"href":"https:\/\/blog-apsam.be\/index.php?rest_route=\/wp\/v2\/posts"}],"about":[{"href":"https:\/\/blog-apsam.be\/index.php?rest_route=\/wp\/v2\/types\/post"}],"author":[{"embeddable":true,"href":"https:\/\/blog-apsam.be\/index.php?rest_route=\/wp\/v2\/users\/2"}],"replies":[{"embeddable":true,"href":"https:\/\/blog-apsam.be\/index.php?rest_route=%2Fwp%2Fv2%2Fcomments&post=2898"}],"version-history":[{"count":1,"href":"https:\/\/blog-apsam.be\/index.php?rest_route=\/wp\/v2\/posts\/2898\/revisions"}],"predecessor-version":[{"id":2900,"href":"https:\/\/blog-apsam.be\/index.php?rest_route=\/wp\/v2\/posts\/2898\/revisions\/2900"}],"wp:attachment":[{"href":"https:\/\/blog-apsam.be\/index.php?rest_route=%2Fwp%2Fv2%2Fmedia&parent=2898"}],"wp:term":[{"taxonomy":"category","embeddable":true,"href":"https:\/\/blog-apsam.be\/index.php?rest_route=%2Fwp%2Fv2%2Fcategories&post=2898"},{"taxonomy":"post_tag","embeddable":true,"href":"https:\/\/blog-apsam.be\/index.php?rest_route=%2Fwp%2Fv2%2Ftags&post=2898"}],"curies":[{"name":"wp","href":"https:\/\/api.w.org\/{rel}","templated":true}]}}