{"id":2901,"date":"2025-03-17T09:58:59","date_gmt":"2025-03-17T07:58:59","guid":{"rendered":"https:\/\/blog-apsam.be\/?p=2901"},"modified":"2025-03-17T09:58:59","modified_gmt":"2025-03-17T07:58:59","slug":"le-laetare-de-stavelot-avec-lorphee-30-03-2025","status":"publish","type":"post","link":"https:\/\/blog-apsam.be\/?p=2901","title":{"rendered":"Le Laetare de Stavelot avec l&rsquo;Orph\u00e9e &#8211; 30\/03\/2025"},"content":{"rendered":"<p>Ch\u00e8res Amies, Chers Amis de l&rsquo;Orph\u00e9e,<\/p>\n<p>Comme chaque ann\u00e9e, nous ouvrirons notre local au public le dimanche 30 mars, \u00e0 partir de 11h00 jusqu&rsquo;aux petites heures.<\/p>\n<p>Notre local est id\u00e9alement situ\u00e9 \u00e0 quelques m\u00e8tres de la place Saint-Remacle (Rue Traverse 8)<\/p>\n<p>N&rsquo;h\u00e9sitez pas \u00e0 venir boire un verre avant le d\u00e9part du cort\u00e8ge (13h30) ou apr\u00e8s le Rondeau (vers 17h30).<\/p>\n<p>Les boissons seront toutes au prix d\u00e9mocratique de 2.30\u20ac\u00a0.<\/p>\n<p>Nous avons tout pr\u00e9vu : des places assises, deux salles, plusieurs bars, une petite restauration et surtout une ambiance musicale en live avec les prestations des soci\u00e9t\u00e9s de la r\u00e9gion ainsi que celles de nos musiciens, apr\u00e8s le Rondeau.<\/p>\n<p>Vendredi 29 mars, nous ouvrirons \u00e9galement notre local au public pour bien commencer ce beau week-end des 3 Glorieuses.\u00a0Nos petits jeunes se produiront \u00e0 21h00 et nous vous pr\u00e9senterons nos nouvelles marches \u00e0 21h30.<\/p>\n<p><a href=\"https:\/\/i0.wp.com\/blog-apsam.be\/wp-content\/uploads\/2025\/03\/Laetare-2025.png?ssl=1\"><img loading=\"lazy\" class=\"alignnone size-full wp-image-2902\" src=\"https:\/\/i0.wp.com\/blog-apsam.be\/wp-content\/uploads\/2025\/03\/Laetare-2025.png?resize=470%2C394&#038;ssl=1\" alt=\"\" width=\"470\" height=\"394\" srcset=\"https:\/\/i0.wp.com\/blog-apsam.be\/wp-content\/uploads\/2025\/03\/Laetare-2025.png?w=470&amp;ssl=1 470w, https:\/\/i0.wp.com\/blog-apsam.be\/wp-content\/uploads\/2025\/03\/Laetare-2025.png?resize=300%2C251&amp;ssl=1 300w\" sizes=\"(max-width: 470px) 100vw, 470px\" data-recalc-dims=\"1\" \/><\/a><\/p>\n","protected":false},"excerpt":{"rendered":"<p>Ch\u00e8res Amies, Chers Amis de l&rsquo;Orph\u00e9e, Comme chaque ann\u00e9e, nous ouvrirons notre local au public le dimanche 30 mars, \u00e0 partir de 11h00 jusqu&rsquo;aux petites heures. Notre local est id\u00e9alement [&hellip;]<\/p>\n","protected":false},"author":2,"featured_media":0,"comment_status":"open","ping_status":"open","sticky":false,"template":"","format":"standard","meta":{"jetpack_publicize_message":"","jetpack_is_tweetstorm":false,"jetpack_publicize_feature_enabled":true},"categories":[4],"tags":[],"jetpack_publicize_connections":[],"jetpack_featured_media_url":"","jetpack_sharing_enabled":true,"jetpack_likes_enabled":false,"_links":{"self":[{"href":"https:\/\/blog-apsam.be\/index.php?rest_route=\/wp\/v2\/posts\/2901"}],"collection":[{"href":"https:\/\/blog-apsam.be\/index.php?rest_route=\/wp\/v2\/posts"}],"about":[{"href":"https:\/\/blog-apsam.be\/index.php?rest_route=\/wp\/v2\/types\/post"}],"author":[{"embeddable":true,"href":"https:\/\/blog-apsam.be\/index.php?rest_route=\/wp\/v2\/users\/2"}],"replies":[{"embeddable":true,"href":"https:\/\/blog-apsam.be\/index.php?rest_route=%2Fwp%2Fv2%2Fcomments&post=2901"}],"version-history":[{"count":1,"href":"https:\/\/blog-apsam.be\/index.php?rest_route=\/wp\/v2\/posts\/2901\/revisions"}],"predecessor-version":[{"id":2908,"href":"https:\/\/blog-apsam.be\/index.php?rest_route=\/wp\/v2\/posts\/2901\/revisions\/2908"}],"wp:attachment":[{"href":"https:\/\/blog-apsam.be\/index.php?rest_route=%2Fwp%2Fv2%2Fmedia&parent=2901"}],"wp:term":[{"taxonomy":"category","embeddable":true,"href":"https:\/\/blog-apsam.be\/index.php?rest_route=%2Fwp%2Fv2%2Fcategories&post=2901"},{"taxonomy":"post_tag","embeddable":true,"href":"https:\/\/blog-apsam.be\/index.php?rest_route=%2Fwp%2Fv2%2Ftags&post=2901"}],"curies":[{"name":"wp","href":"https:\/\/api.w.org\/{rel}","templated":true}]}}