{"id":2903,"date":"2025-03-17T09:56:19","date_gmt":"2025-03-17T07:56:19","guid":{"rendered":"https:\/\/blog-apsam.be\/?p=2903"},"modified":"2025-03-17T09:56:19","modified_gmt":"2025-03-17T07:56:19","slug":"concert-annuel-de-la-royale-harmonie-la-fraternelle-de-bellevaux-12-04-2025","status":"publish","type":"post","link":"https:\/\/blog-apsam.be\/?p=2903","title":{"rendered":"Concert annuel de la Royale Harmonie \u00ab\u00a0La Fraternelle\u00a0\u00bb de Bellevaux &#8211; 12\/04\/2025"},"content":{"rendered":"<p>Concert annuel de la Royale Harmonie \u00ab\u00a0La Fraternelle\u00a0\u00bb de Bellevaux, sous la direction de Fr\u00e9d\u00e9ric Wanlin<\/p>\n<p>En invit\u00e9s :<\/p>\n<ul>\n<li style=\"list-style-type: none;\">\n<ul>\n<li>Les Soci\u00e9t\u00e9s musicales de Saint-L\u00e9ger, sous la direction de Jonathan D\u00e9vi\u00e8re et Samuel Godfrin<\/li>\n<\/ul>\n<\/li>\n<\/ul>\n<ul>\n<li style=\"list-style-type: none;\">\n<ul>\n<li>Orchestre des jeunes, sous la direction de Fanny Sarlette<\/li>\n<\/ul>\n<\/li>\n<\/ul>\n<p>Heure : 20h<\/p>\n<p>Lieu : Salle de Belv\u00e2, Bellevaux-Route de l&rsquo;Ambl\u00e8ve n\u00b018, 4960 Malmedy<\/p>\n<p>Entr\u00e9e libre<\/p>\n<p><a href=\"https:\/\/i0.wp.com\/blog-apsam.be\/wp-content\/uploads\/2025\/03\/affiche_concert_2025_A4_page-0001.jpg?ssl=1\"><img loading=\"lazy\" class=\"alignnone size-large wp-image-2904\" src=\"https:\/\/i0.wp.com\/blog-apsam.be\/wp-content\/uploads\/2025\/03\/affiche_concert_2025_A4_page-0001.jpg?resize=625%2C883&#038;ssl=1\" alt=\"\" width=\"625\" height=\"883\" srcset=\"https:\/\/i0.wp.com\/blog-apsam.be\/wp-content\/uploads\/2025\/03\/affiche_concert_2025_A4_page-0001.jpg?resize=725%2C1024&amp;ssl=1 725w, https:\/\/i0.wp.com\/blog-apsam.be\/wp-content\/uploads\/2025\/03\/affiche_concert_2025_A4_page-0001.jpg?resize=212%2C300&amp;ssl=1 212w, https:\/\/i0.wp.com\/blog-apsam.be\/wp-content\/uploads\/2025\/03\/affiche_concert_2025_A4_page-0001.jpg?resize=768%2C1085&amp;ssl=1 768w, https:\/\/i0.wp.com\/blog-apsam.be\/wp-content\/uploads\/2025\/03\/affiche_concert_2025_A4_page-0001.jpg?resize=1087%2C1536&amp;ssl=1 1087w, https:\/\/i0.wp.com\/blog-apsam.be\/wp-content\/uploads\/2025\/03\/affiche_concert_2025_A4_page-0001.jpg?resize=624%2C882&amp;ssl=1 624w, https:\/\/i0.wp.com\/blog-apsam.be\/wp-content\/uploads\/2025\/03\/affiche_concert_2025_A4_page-0001.jpg?w=1241&amp;ssl=1 1241w\" sizes=\"(max-width: 625px) 100vw, 625px\" data-recalc-dims=\"1\" \/><\/a><\/p>\n","protected":false},"excerpt":{"rendered":"<p>Concert annuel de la Royale Harmonie \u00ab\u00a0La Fraternelle\u00a0\u00bb de Bellevaux, sous la direction de Fr\u00e9d\u00e9ric Wanlin En invit\u00e9s : Les Soci\u00e9t\u00e9s musicales de Saint-L\u00e9ger, sous la direction de Jonathan D\u00e9vi\u00e8re [&hellip;]<\/p>\n","protected":false},"author":2,"featured_media":0,"comment_status":"open","ping_status":"open","sticky":false,"template":"","format":"standard","meta":{"jetpack_publicize_message":"","jetpack_is_tweetstorm":false,"jetpack_publicize_feature_enabled":true},"categories":[4],"tags":[],"jetpack_publicize_connections":[],"jetpack_featured_media_url":"","jetpack_sharing_enabled":true,"jetpack_likes_enabled":false,"_links":{"self":[{"href":"https:\/\/blog-apsam.be\/index.php?rest_route=\/wp\/v2\/posts\/2903"}],"collection":[{"href":"https:\/\/blog-apsam.be\/index.php?rest_route=\/wp\/v2\/posts"}],"about":[{"href":"https:\/\/blog-apsam.be\/index.php?rest_route=\/wp\/v2\/types\/post"}],"author":[{"embeddable":true,"href":"https:\/\/blog-apsam.be\/index.php?rest_route=\/wp\/v2\/users\/2"}],"replies":[{"embeddable":true,"href":"https:\/\/blog-apsam.be\/index.php?rest_route=%2Fwp%2Fv2%2Fcomments&post=2903"}],"version-history":[{"count":1,"href":"https:\/\/blog-apsam.be\/index.php?rest_route=\/wp\/v2\/posts\/2903\/revisions"}],"predecessor-version":[{"id":2905,"href":"https:\/\/blog-apsam.be\/index.php?rest_route=\/wp\/v2\/posts\/2903\/revisions\/2905"}],"wp:attachment":[{"href":"https:\/\/blog-apsam.be\/index.php?rest_route=%2Fwp%2Fv2%2Fmedia&parent=2903"}],"wp:term":[{"taxonomy":"category","embeddable":true,"href":"https:\/\/blog-apsam.be\/index.php?rest_route=%2Fwp%2Fv2%2Fcategories&post=2903"},{"taxonomy":"post_tag","embeddable":true,"href":"https:\/\/blog-apsam.be\/index.php?rest_route=%2Fwp%2Fv2%2Ftags&post=2903"}],"curies":[{"name":"wp","href":"https:\/\/api.w.org\/{rel}","templated":true}]}}