{"id":2925,"date":"2025-07-04T11:47:39","date_gmt":"2025-07-04T09:47:39","guid":{"rendered":"https:\/\/blog-apsam.be\/?p=2925"},"modified":"2025-07-04T11:47:39","modified_gmt":"2025-07-04T09:47:39","slug":"stage-dorchestre-dharmonie-pour-jeunes-2025","status":"publish","type":"post","link":"https:\/\/blog-apsam.be\/?p=2925","title":{"rendered":"Stage d\u2019orchestre d\u2019harmonie pour jeunes 2025"},"content":{"rendered":"<p><strong>Cinqui\u00e8me \u00e9dition du stage d\u2019orchestre d\u2019harmonie pour jeunes musiciens.<\/strong><\/p>\n<p>Sur base du succ\u00e8s des derni\u00e8res ann\u00e9es, l\u2019APSAM rassemble du 27 au 31 octobre six jeunes professionnels dans le magnifique cadre du ch\u00e2teau de W\u00e9gimont : Fanny Sarlette, Catherine Delbovier, Pauline Serafini, Benjamin Obyn, Camille Jadot et R\u00e9mi Lafosse encadreront\u00a0 ce stage en r\u00e9sidentiel qui se cl\u00f4turera par un concert le vendredi en toute fin d\u2019apr\u00e8s-midi.<\/p>\n<p>Attention, le nombre de places est limit\u00e9\u00a0!<\/p>\n<p>Lien pour d&rsquo;insciption : <a href=\"https:\/\/forms.gle\/jXi16wLgkZQCBikQA\">https:\/\/forms.gle\/jXi16wLgkZQCBikQA<\/a><\/p>\n<p><a href=\"https:\/\/i0.wp.com\/blog-apsam.be\/wp-content\/uploads\/2025\/07\/affiche-stage-2025.jpeg?ssl=1\"><img loading=\"lazy\" class=\"alignnone size-full wp-image-2926\" src=\"https:\/\/i0.wp.com\/blog-apsam.be\/wp-content\/uploads\/2025\/07\/affiche-stage-2025.jpeg?resize=452%2C640&#038;ssl=1\" alt=\"\" width=\"452\" height=\"640\" srcset=\"https:\/\/i0.wp.com\/blog-apsam.be\/wp-content\/uploads\/2025\/07\/affiche-stage-2025.jpeg?w=452&amp;ssl=1 452w, https:\/\/i0.wp.com\/blog-apsam.be\/wp-content\/uploads\/2025\/07\/affiche-stage-2025.jpeg?resize=212%2C300&amp;ssl=1 212w\" sizes=\"(max-width: 452px) 100vw, 452px\" data-recalc-dims=\"1\" \/><\/a><\/p>\n","protected":false},"excerpt":{"rendered":"<p>Cinqui\u00e8me \u00e9dition du stage d\u2019orchestre d\u2019harmonie pour jeunes musiciens. Sur base du succ\u00e8s des derni\u00e8res ann\u00e9es, l\u2019APSAM rassemble du 27 au 31 octobre six jeunes professionnels dans le magnifique cadre [&hellip;]<\/p>\n","protected":false},"author":2,"featured_media":0,"comment_status":"open","ping_status":"open","sticky":false,"template":"","format":"standard","meta":{"jetpack_publicize_message":"","jetpack_is_tweetstorm":false,"jetpack_publicize_feature_enabled":true},"categories":[3],"tags":[],"jetpack_publicize_connections":[],"jetpack_featured_media_url":"","jetpack_sharing_enabled":true,"jetpack_likes_enabled":false,"_links":{"self":[{"href":"https:\/\/blog-apsam.be\/index.php?rest_route=\/wp\/v2\/posts\/2925"}],"collection":[{"href":"https:\/\/blog-apsam.be\/index.php?rest_route=\/wp\/v2\/posts"}],"about":[{"href":"https:\/\/blog-apsam.be\/index.php?rest_route=\/wp\/v2\/types\/post"}],"author":[{"embeddable":true,"href":"https:\/\/blog-apsam.be\/index.php?rest_route=\/wp\/v2\/users\/2"}],"replies":[{"embeddable":true,"href":"https:\/\/blog-apsam.be\/index.php?rest_route=%2Fwp%2Fv2%2Fcomments&post=2925"}],"version-history":[{"count":1,"href":"https:\/\/blog-apsam.be\/index.php?rest_route=\/wp\/v2\/posts\/2925\/revisions"}],"predecessor-version":[{"id":2927,"href":"https:\/\/blog-apsam.be\/index.php?rest_route=\/wp\/v2\/posts\/2925\/revisions\/2927"}],"wp:attachment":[{"href":"https:\/\/blog-apsam.be\/index.php?rest_route=%2Fwp%2Fv2%2Fmedia&parent=2925"}],"wp:term":[{"taxonomy":"category","embeddable":true,"href":"https:\/\/blog-apsam.be\/index.php?rest_route=%2Fwp%2Fv2%2Fcategories&post=2925"},{"taxonomy":"post_tag","embeddable":true,"href":"https:\/\/blog-apsam.be\/index.php?rest_route=%2Fwp%2Fv2%2Ftags&post=2925"}],"curies":[{"name":"wp","href":"https:\/\/api.w.org\/{rel}","templated":true}]}}