{"id":2929,"date":"2025-07-14T12:54:54","date_gmt":"2025-07-14T10:54:54","guid":{"rendered":"https:\/\/blog-apsam.be\/?p=2929"},"modified":"2025-08-02T11:29:11","modified_gmt":"2025-08-02T09:29:11","slug":"nouveau-projet-dorchestre-ephemere-appel-a-participation-on-a-tous-un-grain","status":"publish","type":"post","link":"https:\/\/blog-apsam.be\/?p=2929","title":{"rendered":"Nouveau projet d\u2019orchestre \u00e9ph\u00e9m\u00e8re : appel \u00e0 participation \u00ab On a tous un grain \u00bb"},"content":{"rendered":"<p dir=\"auto\" style=\"text-align: center;\"><span style=\"font-size: 12pt;\"><strong>Nouveau projet d\u2019orchestre \u00e9ph\u00e9m\u00e8re : appel \u00e0 participation<\/strong><\/span><\/p>\n<p dir=\"auto\" style=\"text-align: center;\"><span style=\"font-size: 12pt;\"><strong>\u00ab On a tous un grain \u00bb<\/strong><\/span><\/p>\n<p dir=\"auto\"><span style=\"font-size: 12pt;\">Une cr\u00e9ation musicale unique dans un lieu inattendu !<\/span><\/p>\n<p dir=\"auto\"><span style=\"font-size: 12pt;\">L\u2019entreprise Charles Li\u00e9geois Roastery (Les caf\u00e9s Li\u00e9geois) c\u00e9l\u00e8bre cette ann\u00e9e ses 70 ans d\u2019activit\u00e9. R\u00e9cemment install\u00e9e dans ses nouveaux b\u00e2timents dans le zoning des Plenesses \u00e0\u00a0<\/span><span style=\"font-size: 12pt;\">Thimister, elle souhaite marquer l\u2019\u00e9v\u00e9nement avec les membres de son personnel, ainsi que ses partenaires, fournisseurs, clients, conseillers et autres collaborateurs ayant contribu\u00e9 au\u00a0<\/span><span style=\"font-size: 12pt;\">d\u00e9veloppement de l\u2019entreprise familiale.<\/span><\/p>\n<p dir=\"auto\"><span style=\"font-size: 12pt;\">Sensibles \u00e0 l\u2019originalit\u00e9 et \u00e0 la convivialit\u00e9, les chefs d\u2019entreprise ont donn\u00e9 carte blanche \u00e0 Monsieur Zo, metteur en sc\u00e8ne en titre chez \u00abLes Facteurs d\u2019amour\u00bb tournaisiens, pour\u00a0<\/span><span style=\"font-size: 12pt;\">concevoir un moment particulier au sein m\u00eame des ateliers. Les Facteurs d\u2019amour ont cette facult\u00e9 d\u2019investir avec brio des lieux non culturels pour y induire des aventures participatives\u00a0<\/span><span style=\"font-size: 12pt;\">souvent tr\u00e8s po\u00e9tiques.<\/span><\/p>\n<p dir=\"auto\"><span style=\"font-size: 12pt;\">Apr\u00e8s un premier rep\u00e9rage, M. Zo a propos\u00e9, sous l\u2019appellation \u00abOn a tous un grain\u00bb,\u00a0 d\u2019int\u00e9grer une performance musicale au c\u0153ur de l\u2019entreprise. Il y pr\u00e9voit un dispositif sc\u00e9nique audacieux\u00a0<\/span><span style=\"font-size: 12pt;\">en m\u00eame temps que la mobilisation d\u2019un orchestre \u00e9ph\u00e9m\u00e8re pour l\u2019interpr\u00e9tation d\u2019une \u0153uvre compos\u00e9e et dirig\u00e9e par Eloi Baudimont, un orf\u00e8vre dans la direction de grands orchestres\u00a0<\/span><span style=\"font-size: 12pt;\">momentan\u00e9s. Eloi Baudimont partage ses talents avec \u00abla Fanfare d\u00e9tourn\u00e9e\u00bb au sein de l\u2019association \u00e9galement tournaisienne \u00abCasapalabre\u00bb.<\/span><\/p>\n<p dir=\"auto\"><span style=\"font-size: 12pt;\">L\u2019\u0153uvre sera de courte dur\u00e9e (entre 20 et 30 minutes) et devrait rassembler environ 80 musiciens\u00a0dont un ch\u0153ur. Un jumelage musical avec les musiciens de la r\u00e9gion li\u00e9geoise verra le jour gr\u00e2ce\u00a0la participation de quelques musiciens tournaisiens habitu\u00e9s aux propositions d\u2019Eloi Baudimont.<\/span><\/p>\n<p dir=\"auto\"><span style=\"font-size: 12pt;\">\u00abOn a tous un grain\u00bb sera donc le fruit d\u2019une collaboration entre Les Facteurs d\u2019amour,\u00a0Casapalabre et la f\u00e9d\u00e9ration musicale provinciale APSAM.<\/span><\/p>\n<p dir=\"auto\"><span style=\"font-size: 12pt;\">Ce projet repose sur l\u2019engagement\u00a0collectif et l\u2019envie de partager un moment festif un peu fou et surtout plein de grains &#8230; !<\/span><\/p>\n<p dir=\"auto\"><span style=\"font-size: 12pt;\">Quelques infos pratiques :<\/span><\/p>\n<p dir=\"auto\"><span style=\"font-size: 12pt;\"><strong><em>Calendrier des r\u00e9p\u00e9titions<\/em><\/strong> (la participation \u00e0 l\u2019ensemble des r\u00e9p\u00e9titions est indispensable)<\/span><\/p>\n<p dir=\"auto\"><span style=\"font-size: 12pt;\">Dimanche 14 septembre, de 14h00 \u00e0 17h00 (Centre culturel de Welkenraedt)<\/span><\/p>\n<p dir=\"auto\"><span style=\"font-size: 12pt;\">Dimanche 21 septembre, de 10h00 \u00e0 17h00 (Charles Li\u00e9geois Roastery)<\/span><\/p>\n<p dir=\"auto\"><span style=\"font-size: 12pt;\"><strong><em>Repr\u00e9sentation<\/em><\/strong><\/span><\/p>\n<p dir=\"auto\"><span style=\"font-size: 12pt;\">La repr\u00e9sentation aura lieu le vendredi 26 septembre \u00e0 19h (pr\u00e9sence requise d\u00e8s 17h).<\/span><\/p>\n<p dir=\"auto\"><span style=\"font-size: 12pt;\"><em><strong>Divers<\/strong><\/em><\/span><\/p>\n<p dir=\"auto\"><span style=\"font-size: 12pt;\">Un repas ou un encas sera pr\u00e9vu \u00e0 chaque rendez-vous.<\/span><\/p>\n<p dir=\"auto\"><span style=\"font-size: 12pt;\">Dress code : \u00e0 partir du 21\/09, s\u2019habiller en noir manches longues, chemisier blanc, chaussures\u00a0\u00a0fonc\u00e9es sans dessins, slogans ou publicit\u00e9.<\/span><\/p>\n<p dir=\"auto\"><span style=\"font-size: 12pt;\">Inscription\u00a0Via le lien\u00a0<a href=\"https:\/\/forms.gle\/aZGpDABeW1LdpVjq9\" target=\"_blank\" rel=\"noopener\" data-saferedirecturl=\"https:\/\/www.google.com\/url?q=https:\/\/forms.gle\/aZGpDABeW1LdpVjq9&amp;source=gmail&amp;ust=1752576393340000&amp;usg=AOvVaw1u5jOAqxrIzz3M5X_qSS7b\">https:\/\/forms.gle\/<wbr \/>aZGpDABeW1LdpVjq9<\/a> d\u00e8s que possible mais avant le 15 ao\u00fbt !<\/span><\/p>\n<p dir=\"auto\"><span style=\"font-size: 12pt;\">Contact : F\u00e9d\u00e9ration musicale APSAM :\u00a0<a href=\"http:\/\/www.apsam.be\/\" target=\"_blank\" rel=\"noopener\" data-saferedirecturl=\"https:\/\/www.google.com\/url?q=http:\/\/www.apsam.be&amp;source=gmail&amp;ust=1752576393340000&amp;usg=AOvVaw3WtZKxnIvNuAIXIo_ZgVGh\">www.apsam.be<\/a>\u00a0ou 0478\/33 19 31<\/span><\/p>\n<p><a href=\"https:\/\/i0.wp.com\/blog-apsam.be\/wp-content\/uploads\/2025\/07\/affiche-On-a-tous-un-grain-echeance-15-aout-page-001.jpg?ssl=1\"><img loading=\"lazy\" class=\"alignnone size-large wp-image-2933\" src=\"https:\/\/i0.wp.com\/blog-apsam.be\/wp-content\/uploads\/2025\/07\/affiche-On-a-tous-un-grain-echeance-15-aout-page-001.jpg?resize=625%2C883&#038;ssl=1\" alt=\"\" width=\"625\" height=\"883\" srcset=\"https:\/\/i0.wp.com\/blog-apsam.be\/wp-content\/uploads\/2025\/07\/affiche-On-a-tous-un-grain-echeance-15-aout-page-001.jpg?resize=725%2C1024&amp;ssl=1 725w, https:\/\/i0.wp.com\/blog-apsam.be\/wp-content\/uploads\/2025\/07\/affiche-On-a-tous-un-grain-echeance-15-aout-page-001.jpg?resize=212%2C300&amp;ssl=1 212w, https:\/\/i0.wp.com\/blog-apsam.be\/wp-content\/uploads\/2025\/07\/affiche-On-a-tous-un-grain-echeance-15-aout-page-001.jpg?resize=768%2C1085&amp;ssl=1 768w, https:\/\/i0.wp.com\/blog-apsam.be\/wp-content\/uploads\/2025\/07\/affiche-On-a-tous-un-grain-echeance-15-aout-page-001.jpg?resize=1087%2C1536&amp;ssl=1 1087w, https:\/\/i0.wp.com\/blog-apsam.be\/wp-content\/uploads\/2025\/07\/affiche-On-a-tous-un-grain-echeance-15-aout-page-001.jpg?resize=1449%2C2048&amp;ssl=1 1449w, https:\/\/i0.wp.com\/blog-apsam.be\/wp-content\/uploads\/2025\/07\/affiche-On-a-tous-un-grain-echeance-15-aout-page-001.jpg?resize=624%2C882&amp;ssl=1 624w, https:\/\/i0.wp.com\/blog-apsam.be\/wp-content\/uploads\/2025\/07\/affiche-On-a-tous-un-grain-echeance-15-aout-page-001.jpg?resize=1320%2C1865&amp;ssl=1 1320w, https:\/\/i0.wp.com\/blog-apsam.be\/wp-content\/uploads\/2025\/07\/affiche-On-a-tous-un-grain-echeance-15-aout-page-001.jpg?w=1755&amp;ssl=1 1755w, https:\/\/i0.wp.com\/blog-apsam.be\/wp-content\/uploads\/2025\/07\/affiche-On-a-tous-un-grain-echeance-15-aout-page-001.jpg?w=1250&amp;ssl=1 1250w\" sizes=\"(max-width: 625px) 100vw, 625px\" data-recalc-dims=\"1\" \/><\/a><\/p>\n","protected":false},"excerpt":{"rendered":"<p>Nouveau projet d\u2019orchestre \u00e9ph\u00e9m\u00e8re : appel \u00e0 participation \u00ab On a tous un grain \u00bb Une cr\u00e9ation musicale unique dans un lieu inattendu ! L\u2019entreprise Charles Li\u00e9geois Roastery (Les caf\u00e9s [&hellip;]<\/p>\n","protected":false},"author":2,"featured_media":0,"comment_status":"open","ping_status":"open","sticky":false,"template":"","format":"standard","meta":{"jetpack_publicize_message":"","jetpack_is_tweetstorm":false,"jetpack_publicize_feature_enabled":true},"categories":[3],"tags":[],"jetpack_publicize_connections":[],"jetpack_featured_media_url":"","jetpack_sharing_enabled":true,"jetpack_likes_enabled":false,"_links":{"self":[{"href":"https:\/\/blog-apsam.be\/index.php?rest_route=\/wp\/v2\/posts\/2929"}],"collection":[{"href":"https:\/\/blog-apsam.be\/index.php?rest_route=\/wp\/v2\/posts"}],"about":[{"href":"https:\/\/blog-apsam.be\/index.php?rest_route=\/wp\/v2\/types\/post"}],"author":[{"embeddable":true,"href":"https:\/\/blog-apsam.be\/index.php?rest_route=\/wp\/v2\/users\/2"}],"replies":[{"embeddable":true,"href":"https:\/\/blog-apsam.be\/index.php?rest_route=%2Fwp%2Fv2%2Fcomments&post=2929"}],"version-history":[{"count":2,"href":"https:\/\/blog-apsam.be\/index.php?rest_route=\/wp\/v2\/posts\/2929\/revisions"}],"predecessor-version":[{"id":2934,"href":"https:\/\/blog-apsam.be\/index.php?rest_route=\/wp\/v2\/posts\/2929\/revisions\/2934"}],"wp:attachment":[{"href":"https:\/\/blog-apsam.be\/index.php?rest_route=%2Fwp%2Fv2%2Fmedia&parent=2929"}],"wp:term":[{"taxonomy":"category","embeddable":true,"href":"https:\/\/blog-apsam.be\/index.php?rest_route=%2Fwp%2Fv2%2Fcategories&post=2929"},{"taxonomy":"post_tag","embeddable":true,"href":"https:\/\/blog-apsam.be\/index.php?rest_route=%2Fwp%2Fv2%2Ftags&post=2929"}],"curies":[{"name":"wp","href":"https:\/\/api.w.org\/{rel}","templated":true}]}}