{"id":2947,"date":"2025-11-18T10:28:51","date_gmt":"2025-11-18T08:28:51","guid":{"rendered":"https:\/\/blog-apsam.be\/?p=2947"},"modified":"2025-11-18T10:28:51","modified_gmt":"2025-11-18T08:28:51","slug":"concert-de-noel-de-lensemble-vocal-alba-nova-21-12-2025","status":"publish","type":"post","link":"https:\/\/blog-apsam.be\/?p=2947","title":{"rendered":"Concert de No\u00ebl de l&rsquo;ensemble vocal ALBA NOVA &#8211; 21\/12\/2025"},"content":{"rendered":"<p><span style=\"font-family: 'Times New Roman', Times; font-size: 12pt;\"><strong>Douceurs de No\u00ebl<\/strong><\/span><\/p>\n<p><span style=\"font-family: 'Times New Roman', Times; font-size: 12pt;\">Quand l\u2019hiver s\u2019habille de silence,<\/span><br \/>\n<span style=\"font-family: 'Times New Roman', Times; font-size: 12pt;\">Quand la lumi\u00e8re des bougies danse,<\/span><br \/>\n<span style=\"font-family: 'Times New Roman', Times; font-size: 12pt;\">Les voix d\u2019<strong>Alba Nova<\/strong> s\u2019\u00e9l\u00e8vent,<\/span><br \/>\n<span style=\"font-family: 'Times New Roman', Times; font-size: 12pt;\">Comme des \u00e9toiles au c\u0153ur de la nuit.<\/span><\/p>\n<p><span style=\"font-family: 'Times New Roman', Times; font-size: 12pt;\">Venez go\u00fbter \u00e0 la douceur des notes,<\/span><br \/>\n<span style=\"font-family: 'Times New Roman', Times; font-size: 12pt;\">\u00c0 la tendresse des voix,<\/span><br \/>\n<span style=\"font-family: 'Times New Roman', Times; font-size: 12pt;\">Et laissez la magie de No\u00ebl vous envelopper\u2026<\/span><\/p>\n<p><a href=\"https:\/\/i0.wp.com\/blog-apsam.be\/wp-content\/uploads\/2025\/11\/AN-AFFICHE-CONCERT-NOEL-2025-scaled.jpg?ssl=1\"><img loading=\"lazy\" class=\"alignnone size-large wp-image-2948\" src=\"https:\/\/i0.wp.com\/blog-apsam.be\/wp-content\/uploads\/2025\/11\/AN-AFFICHE-CONCERT-NOEL-2025.jpg?resize=625%2C905&#038;ssl=1\" alt=\"\" width=\"625\" height=\"905\" srcset=\"https:\/\/i0.wp.com\/blog-apsam.be\/wp-content\/uploads\/2025\/11\/AN-AFFICHE-CONCERT-NOEL-2025-scaled.jpg?resize=707%2C1024&amp;ssl=1 707w, https:\/\/i0.wp.com\/blog-apsam.be\/wp-content\/uploads\/2025\/11\/AN-AFFICHE-CONCERT-NOEL-2025-scaled.jpg?resize=207%2C300&amp;ssl=1 207w, https:\/\/i0.wp.com\/blog-apsam.be\/wp-content\/uploads\/2025\/11\/AN-AFFICHE-CONCERT-NOEL-2025-scaled.jpg?resize=768%2C1112&amp;ssl=1 768w, https:\/\/i0.wp.com\/blog-apsam.be\/wp-content\/uploads\/2025\/11\/AN-AFFICHE-CONCERT-NOEL-2025-scaled.jpg?resize=1060%2C1536&amp;ssl=1 1060w, https:\/\/i0.wp.com\/blog-apsam.be\/wp-content\/uploads\/2025\/11\/AN-AFFICHE-CONCERT-NOEL-2025-scaled.jpg?resize=1414%2C2048&amp;ssl=1 1414w, https:\/\/i0.wp.com\/blog-apsam.be\/wp-content\/uploads\/2025\/11\/AN-AFFICHE-CONCERT-NOEL-2025-scaled.jpg?resize=624%2C904&amp;ssl=1 624w, https:\/\/i0.wp.com\/blog-apsam.be\/wp-content\/uploads\/2025\/11\/AN-AFFICHE-CONCERT-NOEL-2025-scaled.jpg?resize=1320%2C1912&amp;ssl=1 1320w, https:\/\/i0.wp.com\/blog-apsam.be\/wp-content\/uploads\/2025\/11\/AN-AFFICHE-CONCERT-NOEL-2025-scaled.jpg?w=1767&amp;ssl=1 1767w, https:\/\/i0.wp.com\/blog-apsam.be\/wp-content\/uploads\/2025\/11\/AN-AFFICHE-CONCERT-NOEL-2025-scaled.jpg?w=1250&amp;ssl=1 1250w\" sizes=\"(max-width: 625px) 100vw, 625px\" data-recalc-dims=\"1\" \/><\/a><\/p>\n","protected":false},"excerpt":{"rendered":"<p>Douceurs de No\u00ebl Quand l\u2019hiver s\u2019habille de silence, Quand la lumi\u00e8re des bougies danse, Les voix d\u2019Alba Nova s\u2019\u00e9l\u00e8vent, Comme des \u00e9toiles au c\u0153ur de la nuit. Venez go\u00fbter \u00e0 [&hellip;]<\/p>\n","protected":false},"author":2,"featured_media":0,"comment_status":"open","ping_status":"open","sticky":false,"template":"","format":"standard","meta":{"jetpack_publicize_message":"","jetpack_is_tweetstorm":false,"jetpack_publicize_feature_enabled":true},"categories":[4],"tags":[],"jetpack_publicize_connections":[],"jetpack_featured_media_url":"","jetpack_sharing_enabled":true,"jetpack_likes_enabled":false,"_links":{"self":[{"href":"https:\/\/blog-apsam.be\/index.php?rest_route=\/wp\/v2\/posts\/2947"}],"collection":[{"href":"https:\/\/blog-apsam.be\/index.php?rest_route=\/wp\/v2\/posts"}],"about":[{"href":"https:\/\/blog-apsam.be\/index.php?rest_route=\/wp\/v2\/types\/post"}],"author":[{"embeddable":true,"href":"https:\/\/blog-apsam.be\/index.php?rest_route=\/wp\/v2\/users\/2"}],"replies":[{"embeddable":true,"href":"https:\/\/blog-apsam.be\/index.php?rest_route=%2Fwp%2Fv2%2Fcomments&post=2947"}],"version-history":[{"count":1,"href":"https:\/\/blog-apsam.be\/index.php?rest_route=\/wp\/v2\/posts\/2947\/revisions"}],"predecessor-version":[{"id":2949,"href":"https:\/\/blog-apsam.be\/index.php?rest_route=\/wp\/v2\/posts\/2947\/revisions\/2949"}],"wp:attachment":[{"href":"https:\/\/blog-apsam.be\/index.php?rest_route=%2Fwp%2Fv2%2Fmedia&parent=2947"}],"wp:term":[{"taxonomy":"category","embeddable":true,"href":"https:\/\/blog-apsam.be\/index.php?rest_route=%2Fwp%2Fv2%2Fcategories&post=2947"},{"taxonomy":"post_tag","embeddable":true,"href":"https:\/\/blog-apsam.be\/index.php?rest_route=%2Fwp%2Fv2%2Ftags&post=2947"}],"curies":[{"name":"wp","href":"https:\/\/api.w.org\/{rel}","templated":true}]}}