{"id":647,"date":"2016-10-07T10:32:13","date_gmt":"2016-10-07T10:32:13","guid":{"rendered":"http:\/\/blog-apsam.be\/?p=647"},"modified":"2016-10-07T10:32:13","modified_gmt":"2016-10-07T10:32:13","slug":"concert-de-la-chorale-royale-a-prume","status":"publish","type":"post","link":"https:\/\/blog-apsam.be\/?p=647","title":{"rendered":"Concert de la Chorale Royale A. Prume"},"content":{"rendered":"<p><a href=\"https:\/\/i0.wp.com\/blog-apsam.be\/wp-content\/uploads\/2016\/10\/affiche-4.jpg\"><img loading=\"lazy\" class=\"aligncenter size-full wp-image-648\" src=\"https:\/\/i0.wp.com\/blog-apsam.be\/wp-content\/uploads\/2016\/10\/affiche-4.jpg?resize=480%2C640\" alt=\"affiche-4\" width=\"480\" height=\"640\" srcset=\"https:\/\/i0.wp.com\/blog-apsam.be\/wp-content\/uploads\/2016\/10\/affiche-4.jpg?w=480&amp;ssl=1 480w, https:\/\/i0.wp.com\/blog-apsam.be\/wp-content\/uploads\/2016\/10\/affiche-4.jpg?resize=225%2C300&amp;ssl=1 225w\" sizes=\"(max-width: 480px) 100vw, 480px\" data-recalc-dims=\"1\" \/><\/a><\/p>\n<p style=\"text-align: center;\"><b>SPA &#8211; Eglise Saint-Remacle<\/b><\/p>\n<p style=\"text-align: center;\"><b>Samedi 15 octobre 2016 \u00e0 20h 15<\/b><\/p>\n<p style=\"text-align: center;\"><b>Concert de la Chorale Royale A. Prume<\/b><\/p>\n<p style=\"text-align: center;\">LE MAGNIFICAT BWV 243 de J.S. BACH<\/p>\n<p style=\"text-align: center;\">*****<\/p>\n<p>La MISSA BREVIS in G &#8211; K 49 de W.A. MOZART<\/p>\n<p>Pour son concert annuel, la Chorale Royale A. Prume pr\u00e9sente le MAGNIFICAT, une des\u00a0 \u0153uvres religieuses les plus connues de J.S. BACH.<\/p>\n<p>Ce \u00abMagnificat\u00bb cite un cantique de louange \u00e0 la Vierge Marie mais diff\u00e8re des autres cantates par l&rsquo;absence de r\u00e9citatifs. L&rsquo;orchestration \u00e9clatante r\u00e9unit, outre les cordes et le continuo, deux fl\u00fbtes, deux hautbois d&rsquo;amour et trois trompettes, soutenant avec ampleur un ch\u0153ur \u00e0 cinq voix et cinq solistes, proclamant ainsi une impressionnante densit\u00e9 stylistique.<\/p>\n<p>En premi\u00e8re partie, la chorale l&rsquo;Essenelle proposera des pi\u00e8ces \u00ab<i>a capella<\/i>\u00bb dans le th\u00e8me<br \/>\nde \u00abPalestrina \u00e0 nos Jours\u00bb &#8230;<\/p>\n<p>Pour terminer, les deux chorales r\u00e9unies interpr\u00e9teront la MISSA BREVIS de Mozart. Cette \u0153uvre de jeunesse est la premi\u00e8re messe connue compos\u00e9e par Mozart. Ecrite pour quatre voix mixtes et un orchestre r\u00e9duit aux cordes et \u00e0 l&rsquo;orgue, elle s&rsquo;inscrit dans la tradition de la <i>Missa Brevis <\/i>avec des sections fugu\u00e9es.<\/p>\n<p>Entr\u00e9e: 15,00 \u20ac Pr\u00e9vente: 13,00 \u20ac<\/p>\n<p>Renseignements: 087 77 21 46 ou 0476 64 63 53<\/p>\n<p><a href=\"https:\/\/i0.wp.com\/blog-apsam.be\/wp-content\/uploads\/2016\/10\/IMG_0631.jpg\"><img loading=\"lazy\" class=\"aligncenter size-large wp-image-649\" src=\"https:\/\/i0.wp.com\/blog-apsam.be\/wp-content\/uploads\/2016\/10\/IMG_0631-1024x683.jpg?resize=625%2C417\" alt=\"img_0631\" width=\"625\" height=\"417\" srcset=\"https:\/\/i0.wp.com\/blog-apsam.be\/wp-content\/uploads\/2016\/10\/IMG_0631.jpg?resize=1024%2C683&amp;ssl=1 1024w, https:\/\/i0.wp.com\/blog-apsam.be\/wp-content\/uploads\/2016\/10\/IMG_0631.jpg?resize=300%2C200&amp;ssl=1 300w, https:\/\/i0.wp.com\/blog-apsam.be\/wp-content\/uploads\/2016\/10\/IMG_0631.jpg?resize=768%2C512&amp;ssl=1 768w, https:\/\/i0.wp.com\/blog-apsam.be\/wp-content\/uploads\/2016\/10\/IMG_0631.jpg?resize=624%2C416&amp;ssl=1 624w, https:\/\/i0.wp.com\/blog-apsam.be\/wp-content\/uploads\/2016\/10\/IMG_0631.jpg?w=1250&amp;ssl=1 1250w, https:\/\/i0.wp.com\/blog-apsam.be\/wp-content\/uploads\/2016\/10\/IMG_0631.jpg?w=1875&amp;ssl=1 1875w\" sizes=\"(max-width: 625px) 100vw, 625px\" data-recalc-dims=\"1\" \/><\/a><\/p>\n","protected":false},"excerpt":{"rendered":"<p>SPA &#8211; Eglise Saint-Remacle Samedi 15 octobre 2016 \u00e0 20h 15 Concert de la Chorale Royale A. Prume LE MAGNIFICAT BWV 243 de J.S. BACH ***** La MISSA BREVIS in [&hellip;]<\/p>\n","protected":false},"author":1,"featured_media":0,"comment_status":"open","ping_status":"open","sticky":false,"template":"","format":"standard","meta":{"jetpack_publicize_message":"","jetpack_is_tweetstorm":false,"jetpack_publicize_feature_enabled":true},"categories":[4],"tags":[],"jetpack_publicize_connections":[],"jetpack_featured_media_url":"","jetpack_sharing_enabled":true,"jetpack_likes_enabled":false,"_links":{"self":[{"href":"https:\/\/blog-apsam.be\/index.php?rest_route=\/wp\/v2\/posts\/647"}],"collection":[{"href":"https:\/\/blog-apsam.be\/index.php?rest_route=\/wp\/v2\/posts"}],"about":[{"href":"https:\/\/blog-apsam.be\/index.php?rest_route=\/wp\/v2\/types\/post"}],"author":[{"embeddable":true,"href":"https:\/\/blog-apsam.be\/index.php?rest_route=\/wp\/v2\/users\/1"}],"replies":[{"embeddable":true,"href":"https:\/\/blog-apsam.be\/index.php?rest_route=%2Fwp%2Fv2%2Fcomments&post=647"}],"version-history":[{"count":1,"href":"https:\/\/blog-apsam.be\/index.php?rest_route=\/wp\/v2\/posts\/647\/revisions"}],"predecessor-version":[{"id":650,"href":"https:\/\/blog-apsam.be\/index.php?rest_route=\/wp\/v2\/posts\/647\/revisions\/650"}],"wp:attachment":[{"href":"https:\/\/blog-apsam.be\/index.php?rest_route=%2Fwp%2Fv2%2Fmedia&parent=647"}],"wp:term":[{"taxonomy":"category","embeddable":true,"href":"https:\/\/blog-apsam.be\/index.php?rest_route=%2Fwp%2Fv2%2Fcategories&post=647"},{"taxonomy":"post_tag","embeddable":true,"href":"https:\/\/blog-apsam.be\/index.php?rest_route=%2Fwp%2Fv2%2Ftags&post=647"}],"curies":[{"name":"wp","href":"https:\/\/api.w.org\/{rel}","templated":true}]}}