{"id":651,"date":"2016-10-08T13:44:33","date_gmt":"2016-10-08T13:44:33","guid":{"rendered":"http:\/\/blog-apsam.be\/?p=651"},"modified":"2016-10-08T13:44:33","modified_gmt":"2016-10-08T13:44:33","slug":"concert-annuel-a-moresnet","status":"publish","type":"post","link":"https:\/\/blog-apsam.be\/?p=651","title":{"rendered":"Concert annuel \u00e0 Moresnet"},"content":{"rendered":"<p><a href=\"https:\/\/i0.wp.com\/blog-apsam.be\/wp-content\/uploads\/2016\/10\/Capture-d\u2019\u00e9cran-2016-10-08-\u00e0-15.41.48.png\"><img loading=\"lazy\" class=\"aligncenter size-large wp-image-652\" src=\"https:\/\/i0.wp.com\/blog-apsam.be\/wp-content\/uploads\/2016\/10\/Capture-d\u2019\u00e9cran-2016-10-08-\u00e0-15.41.48-704x1024.png?resize=625%2C909\" alt=\"capture-decran-2016-10-08-a-15-41-48\" width=\"625\" height=\"909\" srcset=\"https:\/\/i0.wp.com\/blog-apsam.be\/wp-content\/uploads\/2016\/10\/Capture-d\u2019\u00e9cran-2016-10-08-\u00e0-15.41.48.png?resize=704%2C1024&amp;ssl=1 704w, https:\/\/i0.wp.com\/blog-apsam.be\/wp-content\/uploads\/2016\/10\/Capture-d\u2019\u00e9cran-2016-10-08-\u00e0-15.41.48.png?resize=206%2C300&amp;ssl=1 206w, https:\/\/i0.wp.com\/blog-apsam.be\/wp-content\/uploads\/2016\/10\/Capture-d\u2019\u00e9cran-2016-10-08-\u00e0-15.41.48.png?resize=624%2C907&amp;ssl=1 624w, https:\/\/i0.wp.com\/blog-apsam.be\/wp-content\/uploads\/2016\/10\/Capture-d\u2019\u00e9cran-2016-10-08-\u00e0-15.41.48.png?w=747&amp;ssl=1 747w\" sizes=\"(max-width: 625px) 100vw, 625px\" data-recalc-dims=\"1\" \/><\/a><\/p>\n<p>La Soci\u00e9t\u00e9 Royale d\u2019Harmonie de Moresnet et son Drumband ont le plaisir de vous inviter \u00e0 leur Concert Annuel, qu\u2019ils organisent le <strong>Samedi 26 novembre 2016, \u00e0 20h00, en la salle \u00ab\u00a0Le Viaduc\u00a0\u00bb \u00e0 Moresnet<\/strong>.<\/p>\n<p>La soir\u00e9e d\u00e9butera par la prestation du Drumband, qui, plac\u00e9 sous la direction de Jo\u00ebl Corman et profitant de toute la diversit\u00e9 des instruments de percussion, vous offrira un r\u00e9pertoire \u00e9clectique et entra\u00eenant.<\/p>\n<p>Pour la suite, l\u2019Harmonie, plac\u00e9e depuis le 1<sup>er<\/sup> juillet 2016 sous la baguette de<strong> son nouveau Chef musical Yannick Plumacher<\/strong>, vous a concoct\u00e9 un programme tr\u00e8s vari\u00e9, parcourant diff\u00e9rents styles de musiques, allant de l\u2019\u0153uvre de concours aux m\u00e9lodies populaires, agr\u00e9able et plaisant \u00e0 l\u2019\u00e9coute, dans le but de vous faire passer un excellent moment musical.<\/p>\n<p>Enfin, la Soci\u00e9t\u00e9 Royale d\u2019Harmonie de Moresnet profitera de l\u2019\u00e9v\u00e9nement pour mettre \u00e0 l\u2019honneur 2 de ses membres\u00a0; le Pr\u00e9sident d\u2019Honneur Roger Koenigs pour 60 ann\u00e9es et Jessica Brouwers-Loup pour 25 ann\u00e9es d\u2019activit\u00e9s au sein de la soci\u00e9t\u00e9.<\/p>\n<p>Dans une ambiance automnale chaleureuse, tous les musiciens se r\u00e9jouissent de vous accueillir et de partager avec vous leur passion.<\/p>\n<p>PAF\u00a0: 5\u20ac \u2013 Informations\u00a0: 087\/89.03.87 (Michel Colin, Pr\u00e9sident).<\/p>\n<p>&nbsp;<\/p>\n","protected":false},"excerpt":{"rendered":"<p>La Soci\u00e9t\u00e9 Royale d\u2019Harmonie de Moresnet et son Drumband ont le plaisir de vous inviter \u00e0 leur Concert Annuel, qu\u2019ils organisent le Samedi 26 novembre 2016, \u00e0 20h00, en la [&hellip;]<\/p>\n","protected":false},"author":1,"featured_media":0,"comment_status":"open","ping_status":"open","sticky":false,"template":"","format":"standard","meta":{"jetpack_publicize_message":"","jetpack_is_tweetstorm":false,"jetpack_publicize_feature_enabled":true},"categories":[4],"tags":[],"jetpack_publicize_connections":[],"jetpack_featured_media_url":"","jetpack_sharing_enabled":true,"jetpack_likes_enabled":false,"_links":{"self":[{"href":"https:\/\/blog-apsam.be\/index.php?rest_route=\/wp\/v2\/posts\/651"}],"collection":[{"href":"https:\/\/blog-apsam.be\/index.php?rest_route=\/wp\/v2\/posts"}],"about":[{"href":"https:\/\/blog-apsam.be\/index.php?rest_route=\/wp\/v2\/types\/post"}],"author":[{"embeddable":true,"href":"https:\/\/blog-apsam.be\/index.php?rest_route=\/wp\/v2\/users\/1"}],"replies":[{"embeddable":true,"href":"https:\/\/blog-apsam.be\/index.php?rest_route=%2Fwp%2Fv2%2Fcomments&post=651"}],"version-history":[{"count":1,"href":"https:\/\/blog-apsam.be\/index.php?rest_route=\/wp\/v2\/posts\/651\/revisions"}],"predecessor-version":[{"id":653,"href":"https:\/\/blog-apsam.be\/index.php?rest_route=\/wp\/v2\/posts\/651\/revisions\/653"}],"wp:attachment":[{"href":"https:\/\/blog-apsam.be\/index.php?rest_route=%2Fwp%2Fv2%2Fmedia&parent=651"}],"wp:term":[{"taxonomy":"category","embeddable":true,"href":"https:\/\/blog-apsam.be\/index.php?rest_route=%2Fwp%2Fv2%2Fcategories&post=651"},{"taxonomy":"post_tag","embeddable":true,"href":"https:\/\/blog-apsam.be\/index.php?rest_route=%2Fwp%2Fv2%2Ftags&post=651"}],"curies":[{"name":"wp","href":"https:\/\/api.w.org\/{rel}","templated":true}]}}