{"id":656,"date":"2016-10-14T16:17:53","date_gmt":"2016-10-14T15:17:53","guid":{"rendered":"http:\/\/blog-apsam.be\/?p=656"},"modified":"2018-10-05T08:04:59","modified_gmt":"2018-10-05T07:04:59","slug":"venez-voyager-grace-aux-aventures-du-celebre-ali-baba","status":"publish","type":"post","link":"https:\/\/blog-apsam.be\/?p=656","title":{"rendered":"Venez voyager gr\u00e2ce aux aventures du c\u00e9l\u00e8bre Ali-Baba"},"content":{"rendered":"<blockquote>\n<blockquote><p><a href=\"https:\/\/i0.wp.com\/blog-apsam.be\/wp-content\/uploads\/2016\/10\/image2.jpg\"><img loading=\"lazy\" class=\"aligncenter size-full wp-image-657\" src=\"https:\/\/i0.wp.com\/blog-apsam.be\/wp-content\/uploads\/2016\/10\/image2.jpg?resize=625%2C441\" alt=\"Sans nom-1\" width=\"625\" height=\"441\" srcset=\"https:\/\/i0.wp.com\/blog-apsam.be\/wp-content\/uploads\/2016\/10\/image2.jpg?w=640&amp;ssl=1 640w, https:\/\/i0.wp.com\/blog-apsam.be\/wp-content\/uploads\/2016\/10\/image2.jpg?resize=300%2C212&amp;ssl=1 300w, https:\/\/i0.wp.com\/blog-apsam.be\/wp-content\/uploads\/2016\/10\/image2.jpg?resize=624%2C441&amp;ssl=1 624w\" sizes=\"(max-width: 625px) 100vw, 625px\" data-recalc-dims=\"1\" \/><\/a>Le Royal Cercle Musical Saint Georges de Montzen, vous convie \u00e0 un concert exceptionnel qui se tiendra le samedi 5 novembre 2016 en la salle culture et loisirs de Montzen.<\/p>\n<p>Sous la baguette du chef d&rsquo;orchestre Dominique HABETS, les 40 musiciens du RCM Saint Georges, accompagn\u00e9s des jeunes talents de l&rsquo;harmonie vous feront voyager gr\u00e2ce aux aventures du c\u00e9l\u00e8bre Ali-Baba. La combinaison d&rsquo;une musique de circonstance et de la voix de Aude FOGUENNE vous emportera au c\u0153ur des mille et une nuits.<\/p>\n<p>Fermez les yeux, laissez-vous envo\u00fbter par ce savoureux m\u00e9lange musico-vocal et retrouvez votre \u00e2me d&rsquo;enfant.<\/p>\n<p>Pr\u00e9vente : 7\u20ac ( aupr\u00e8s des membres de l&rsquo;harmonie et \u00e0 la librairie \u00ab\u00a0Au Copion\u00a0\u00bb et \u00e0 la boulangerie Otten \u00e0 Montzen)<\/p>\n<p>Caisse: 9\u20ac<\/p>\n<p>Nous vous donnons donc \u00a0rendez-vous le samedi 5 novembre pour passer un bon moment ensemble.<\/p>\n<p>Infos: Schmetz Marc \u00a00477\/400731<\/p><\/blockquote>\n<\/blockquote>\n","protected":false},"excerpt":{"rendered":"<p>Le Royal Cercle Musical Saint Georges de Montzen, vous convie \u00e0 un concert exceptionnel qui se tiendra le samedi 5 novembre 2016 en la salle culture et loisirs de Montzen. [&hellip;]<\/p>\n","protected":false},"author":1,"featured_media":0,"comment_status":"open","ping_status":"open","sticky":false,"template":"","format":"standard","meta":{"jetpack_publicize_message":"","jetpack_is_tweetstorm":false,"jetpack_publicize_feature_enabled":true},"categories":[4],"tags":[],"jetpack_publicize_connections":[],"jetpack_featured_media_url":"","jetpack_sharing_enabled":true,"jetpack_likes_enabled":false,"_links":{"self":[{"href":"https:\/\/blog-apsam.be\/index.php?rest_route=\/wp\/v2\/posts\/656"}],"collection":[{"href":"https:\/\/blog-apsam.be\/index.php?rest_route=\/wp\/v2\/posts"}],"about":[{"href":"https:\/\/blog-apsam.be\/index.php?rest_route=\/wp\/v2\/types\/post"}],"author":[{"embeddable":true,"href":"https:\/\/blog-apsam.be\/index.php?rest_route=\/wp\/v2\/users\/1"}],"replies":[{"embeddable":true,"href":"https:\/\/blog-apsam.be\/index.php?rest_route=%2Fwp%2Fv2%2Fcomments&post=656"}],"version-history":[{"count":1,"href":"https:\/\/blog-apsam.be\/index.php?rest_route=\/wp\/v2\/posts\/656\/revisions"}],"predecessor-version":[{"id":658,"href":"https:\/\/blog-apsam.be\/index.php?rest_route=\/wp\/v2\/posts\/656\/revisions\/658"}],"wp:attachment":[{"href":"https:\/\/blog-apsam.be\/index.php?rest_route=%2Fwp%2Fv2%2Fmedia&parent=656"}],"wp:term":[{"taxonomy":"category","embeddable":true,"href":"https:\/\/blog-apsam.be\/index.php?rest_route=%2Fwp%2Fv2%2Fcategories&post=656"},{"taxonomy":"post_tag","embeddable":true,"href":"https:\/\/blog-apsam.be\/index.php?rest_route=%2Fwp%2Fv2%2Ftags&post=656"}],"curies":[{"name":"wp","href":"https:\/\/api.w.org\/{rel}","templated":true}]}}